{"id":109,"date":"2022-10-03T17:30:45","date_gmt":"2022-10-03T15:30:45","guid":{"rendered":"https:\/\/www.wybierzmyrazem.pl\/index.php\/2022\/10\/03\/upadlosc-konsumencka-kiedy-zglosic\/"},"modified":"2023-01-09T11:01:39","modified_gmt":"2023-01-09T10:01:39","slug":"upadlosc-konsumencka-kiedy-zglosic","status":"publish","type":"post","link":"https:\/\/www.wybierzmyrazem.pl\/index.php\/2022\/10\/03\/upadlosc-konsumencka-kiedy-zglosic\/","title":{"rendered":"Upad\u0142o\u015b\u0107 konsumencka &#8211; kiedy zg\u0142osi\u0107?"},"content":{"rendered":"<p>Pojawienie si\u0119 d\u0142ug\u00f3w w swojej sytuacji finansowej z pewno\u015bci\u0105 nie jest czym\u015b, co mo\u017ce zadowoli\u0107 na drodze \u017cyciowej. Zobowi\u0105zania finansowe s\u0105 bowiem bardzo k\u0142opotliwe, szczeg\u00f3lnie wtedy, gdy trudno jest dok\u0142adnie okre\u015bli\u0107 spos\u00f3b ich rozwi\u0105zywania. Taka postawa cz\u0119sto wzmacnia niemoc wobec trudnej sytuacji, co jedynie nap\u0119dza b\u0142\u0119dne ko\u0142o. Dobrze jest wi\u0119c zaplanowa\u0107 swoje dzia\u0142ania na przysz\u0142o\u015b\u0107, a jednocze\u015bnie zorientowa\u0107 si\u0119 w rozwi\u0105zaniach przewidzianych dla d\u0142u\u017cnika, takich jak upad\u0142o\u015b\u0107 konsumencka. Radom jest miastem, w kt\u00f3rym taka opcja r\u00f3wnie\u017c dost\u0119pna jest dla wielu os\u00f3b obarczonych problemem zad\u0142u\u017cenia pod wzgl\u0119dem finansowym.<\/p>\n<h2><a id=\"_sykfmscropnw\"><\/a>Upad\u0142o\u015b\u0107 konsumencka, Radom &#8211; co to jest i kiedy mo\u017cna j\u0105 og\u0142osi\u0107?<\/h2>\n<p>Zad\u0142u\u017cenie si\u0119 w zobowi\u0105zaniach finansowych dla wielu os\u00f3b wydaje si\u0119 by\u0107 r\u00f3wnoznaczne z wyrokiem. Oczywi\u015bcie wszystko uzale\u017cnione jest od wysoko\u015bci samego zad\u0142u\u017cenia oraz stopnia skomplikowania systemu sp\u0142acania, jednak ze wzgl\u0119d\u00f3w psychologicznych ju\u017c nawet niewielkie zad\u0142u\u017cenie mo\u017ce prowadzi\u0107 do pewnej rezygnacji d\u0142u\u017cnika. Rzeczywi\u015bcie problemy z p\u0142ynno\u015bci\u0105 finansow\u0105 mog\u0105 wydawa\u0107 si\u0119 wr\u0119cz nie do przeskoczenia, z uwagi na to, jak skomplikowany mo\u017ce by\u0107 proces sp\u0142aty. Warto jednak pami\u0119ta\u0107, \u017ce w zdecydowanej wi\u0119kszo\u015bci przypadk\u00f3w istniej\u0105 skuteczne sposoby, kt\u00f3re pozwalaj\u0105 w pewien spos\u00f3b poprawi\u0107 swoj\u0105 sytuacj\u0119 finansow\u0105. Takie wyj\u015bcie dost\u0119pne jest r\u00f3wnie\u017c w formie og\u0142oszenia upad\u0142o\u015bci konsumenckiej. Radom jest miastem, w kt\u00f3rym z takiego rozwi\u0105zania mo\u017ce skorzysta\u0107 jasno okre\u015blona grupa zad\u0142u\u017conych. Aby jednak to zrobi\u0107, warto przede wszystkim wiedzie\u0107, czym dok\u0142adnie jest upad\u0142o\u015b\u0107 konsumencka w Radomiu. Wiedza na ten temat pozwala na rzetelne i szczeg\u00f3\u0142owe okre\u015blenie swoich dzia\u0142a\u0144, kt\u00f3re trzeba b\u0119dzie podj\u0105\u0107 celem wyj\u015bcia z d\u0142ug\u00f3w. Upad\u0142o\u015b\u0107 konsumencka, w przeciwie\u0144stwie do nieco bardziej popularnej upad\u0142o\u015bci gospodarczej, mo\u017ce by\u0107 og\u0142oszona jedynie przez osoby, kt\u00f3re na co dzie\u0144 nie pos\u0142uguj\u0105 si\u0119 statusem przedsi\u0119biorcy. Wobec tego nie mo\u017cesz prowadzi\u0107 swojego w\u0142asnego biznesu, je\u015bli chcesz og\u0142osi\u0107 upad\u0142o\u015b\u0107 konsumenck\u0105. W przeciwnym razie ten tryb post\u0119powania upad\u0142o\u015bciowego jak najbardziej mo\u017ce zosta\u0107 wprowadzony.<\/p>\n<h2><a id=\"_m561upm0hofr\"><\/a>Najwa\u017cniejsze zasady, na jakich funkcjonuje upad\u0142o\u015b\u0107 konsumencka &#8211; Radom<\/h2>\n<p>Wiesz ju\u017c, czym tak naprawd\u0119 jest upad\u0142o\u015b\u0107 konsumencka. Radom jest miastem, w kt\u00f3rym korzysta z tego rozwi\u0105zania wielu d\u0142u\u017cnik\u00f3w. Jest to jak najbardziej zrozumia\u0142a tendencja, szczeg\u00f3lnie bior\u0105c pod uwag\u0119 to, jak wiele og\u0142oszenie upad\u0142o\u015bci mo\u017ce zmieni\u0107 w kontek\u015bcie zmiany swojej sytuacji finansowej na lepsze. Chcesz og\u0142osi\u0107 <a href=\"https:\/\/www.grindexpo.pl\/\">upad\u0142o\u015b\u0107 konsumenck\u0105 w Radomiu<\/a>? W takim razie musisz pozna\u0107 obowi\u0105zuj\u0105ce obecnie wymagania, kt\u00f3re musi spe\u0142ni\u0107 d\u0142u\u017cnik chc\u0105cy dokona\u0107 takiego og\u0142oszenia. Przede wszystkim musi by\u0107 on ca\u0142kowicie niewyp\u0142acalny, a ta niewyp\u0142acalno\u015b\u0107 musi by\u0107 niezawiniona. Kolejnym wymaganiem dotycz\u0105cym og\u0142oszenia upad\u0142o\u015bci konsumenckiej w Radomiu jest r\u00f3wnie\u017c wcze\u015bniejsze umorzenie wszystkich zobowi\u0105za\u0144 finansowych ci\u0105\u017c\u0105cych na d\u0142u\u017cniku. Spe\u0142nienie tych wytycznych jest punktem wyj\u015bcia do og\u0142oszenia upad\u0142o\u015bci.<\/p>\n","protected":false},"excerpt":{"rendered":"<p>Pojawienie si\u0119 d\u0142ug\u00f3w w swojej sytuacji finansowej z pewno\u015bci\u0105 nie jest czym\u015b, co mo\u017ce zadowoli\u0107 na drodze \u017cyciowej. Zobowi\u0105zania finansowe s\u0105 bowiem bardzo k\u0142opotliwe, szczeg\u00f3lnie wtedy, gdy trudno jest dok\u0142adnie&#8230;<\/p>\n","protected":false},"author":1,"featured_media":108,"comment_status":"closed","ping_status":"closed","sticky":false,"template":"","format":"standard","meta":{"footnotes":""},"categories":[1],"tags":[],"class_list":["post-109","post","type-post","status-publish","format-standard","has-post-thumbnail","hentry","category-bez-kategorii"],"yoast_head":"<!-- This site is optimized with the Yoast SEO plugin v27.4 - https:\/\/yoast.com\/product\/yoast-seo-wordpress\/ -->\n<title>Upad\u0142o\u015b\u0107 konsumencka - kiedy zg\u0142osi\u0107? - wybierzmyrazem.pl<\/title>\n<meta name=\"robots\" content=\"index, follow, max-snippet:-1, max-image-preview:large, max-video-preview:-1\" \/>\n<link rel=\"canonical\" href=\"https:\/\/www.wybierzmyrazem.pl\/index.php\/2022\/10\/03\/upadlosc-konsumencka-kiedy-zglosic\/\" \/>\n<meta property=\"og:locale\" content=\"pl_PL\" \/>\n<meta property=\"og:type\" content=\"article\" \/>\n<meta property=\"og:title\" content=\"Upad\u0142o\u015b\u0107 konsumencka - kiedy zg\u0142osi\u0107? - wybierzmyrazem.pl\" \/>\n<meta property=\"og:description\" content=\"Pojawienie si\u0119 d\u0142ug\u00f3w w swojej sytuacji finansowej z pewno\u015bci\u0105 nie jest czym\u015b, co mo\u017ce zadowoli\u0107 na drodze \u017cyciowej. Zobowi\u0105zania finansowe s\u0105 bowiem bardzo k\u0142opotliwe, szczeg\u00f3lnie wtedy, gdy trudno jest dok\u0142adnie...\" \/>\n<meta property=\"og:url\" content=\"https:\/\/www.wybierzmyrazem.pl\/index.php\/2022\/10\/03\/upadlosc-konsumencka-kiedy-zglosic\/\" \/>\n<meta property=\"og:site_name\" content=\"wybierzmyrazem.pl\" \/>\n<meta property=\"article:published_time\" content=\"2022-10-03T15:30:45+00:00\" \/>\n<meta property=\"article:modified_time\" content=\"2023-01-09T10:01:39+00:00\" \/>\n<meta property=\"og:image\" content=\"https:\/\/www.wybierzmyrazem.pl\/wp-content\/uploads\/2022\/10\/g2cb644c35e69006ea43b1cfa00428e279ac6ec69a0cc0a38acdb75c753f338f6f6cefd82fe0455d724193233691c825b367d290a6f62a56a881f0a12c7545beb_1280.jpg\" \/>\n\t<meta property=\"og:image:width\" content=\"1280\" \/>\n\t<meta property=\"og:image:height\" content=\"704\" \/>\n\t<meta property=\"og:image:type\" content=\"image\/jpeg\" \/>\n<meta name=\"author\" content=\"dev5e2\" \/>\n<meta name=\"twitter:card\" content=\"summary_large_image\" \/>\n<meta name=\"twitter:label1\" content=\"Napisane przez\" \/>\n\t<meta name=\"twitter:data1\" content=\"dev5e2\" \/>\n\t<meta name=\"twitter:label2\" content=\"Szacowany czas czytania\" \/>\n\t<meta name=\"twitter:data2\" content=\"3 minuty\" \/>\n<script type=\"application\/ld+json\" class=\"yoast-schema-graph\">{\"@context\":\"https:\\\/\\\/schema.org\",\"@graph\":[{\"@type\":\"Article\",\"@id\":\"https:\\\/\\\/www.wybierzmyrazem.pl\\\/index.php\\\/2022\\\/10\\\/03\\\/upadlosc-konsumencka-kiedy-zglosic\\\/#article\",\"isPartOf\":{\"@id\":\"https:\\\/\\\/www.wybierzmyrazem.pl\\\/index.php\\\/2022\\\/10\\\/03\\\/upadlosc-konsumencka-kiedy-zglosic\\\/\"},\"author\":{\"name\":\"dev5e2\",\"@id\":\"https:\\\/\\\/www.wybierzmyrazem.pl\\\/#\\\/schema\\\/person\\\/63c38787c47f7fdd6991c64a3736de08\"},\"headline\":\"Upad\u0142o\u015b\u0107 konsumencka &#8211; kiedy zg\u0142osi\u0107?\",\"datePublished\":\"2022-10-03T15:30:45+00:00\",\"dateModified\":\"2023-01-09T10:01:39+00:00\",\"mainEntityOfPage\":{\"@id\":\"https:\\\/\\\/www.wybierzmyrazem.pl\\\/index.php\\\/2022\\\/10\\\/03\\\/upadlosc-konsumencka-kiedy-zglosic\\\/\"},\"wordCount\":560,\"publisher\":{\"@id\":\"https:\\\/\\\/www.wybierzmyrazem.pl\\\/#organization\"},\"image\":{\"@id\":\"https:\\\/\\\/www.wybierzmyrazem.pl\\\/index.php\\\/2022\\\/10\\\/03\\\/upadlosc-konsumencka-kiedy-zglosic\\\/#primaryimage\"},\"thumbnailUrl\":\"https:\\\/\\\/www.wybierzmyrazem.pl\\\/wp-content\\\/uploads\\\/2022\\\/10\\\/g2cb644c35e69006ea43b1cfa00428e279ac6ec69a0cc0a38acdb75c753f338f6f6cefd82fe0455d724193233691c825b367d290a6f62a56a881f0a12c7545beb_1280.jpg\",\"inLanguage\":\"pl-PL\"},{\"@type\":\"WebPage\",\"@id\":\"https:\\\/\\\/www.wybierzmyrazem.pl\\\/index.php\\\/2022\\\/10\\\/03\\\/upadlosc-konsumencka-kiedy-zglosic\\\/\",\"url\":\"https:\\\/\\\/www.wybierzmyrazem.pl\\\/index.php\\\/2022\\\/10\\\/03\\\/upadlosc-konsumencka-kiedy-zglosic\\\/\",\"name\":\"Upad\u0142o\u015b\u0107 konsumencka - kiedy zg\u0142osi\u0107? - wybierzmyrazem.pl\",\"isPartOf\":{\"@id\":\"https:\\\/\\\/www.wybierzmyrazem.pl\\\/#website\"},\"primaryImageOfPage\":{\"@id\":\"https:\\\/\\\/www.wybierzmyrazem.pl\\\/index.php\\\/2022\\\/10\\\/03\\\/upadlosc-konsumencka-kiedy-zglosic\\\/#primaryimage\"},\"image\":{\"@id\":\"https:\\\/\\\/www.wybierzmyrazem.pl\\\/index.php\\\/2022\\\/10\\\/03\\\/upadlosc-konsumencka-kiedy-zglosic\\\/#primaryimage\"},\"thumbnailUrl\":\"https:\\\/\\\/www.wybierzmyrazem.pl\\\/wp-content\\\/uploads\\\/2022\\\/10\\\/g2cb644c35e69006ea43b1cfa00428e279ac6ec69a0cc0a38acdb75c753f338f6f6cefd82fe0455d724193233691c825b367d290a6f62a56a881f0a12c7545beb_1280.jpg\",\"datePublished\":\"2022-10-03T15:30:45+00:00\",\"dateModified\":\"2023-01-09T10:01:39+00:00\",\"breadcrumb\":{\"@id\":\"https:\\\/\\\/www.wybierzmyrazem.pl\\\/index.php\\\/2022\\\/10\\\/03\\\/upadlosc-konsumencka-kiedy-zglosic\\\/#breadcrumb\"},\"inLanguage\":\"pl-PL\",\"potentialAction\":[{\"@type\":\"ReadAction\",\"target\":[\"https:\\\/\\\/www.wybierzmyrazem.pl\\\/index.php\\\/2022\\\/10\\\/03\\\/upadlosc-konsumencka-kiedy-zglosic\\\/\"]}]},{\"@type\":\"ImageObject\",\"inLanguage\":\"pl-PL\",\"@id\":\"https:\\\/\\\/www.wybierzmyrazem.pl\\\/index.php\\\/2022\\\/10\\\/03\\\/upadlosc-konsumencka-kiedy-zglosic\\\/#primaryimage\",\"url\":\"https:\\\/\\\/www.wybierzmyrazem.pl\\\/wp-content\\\/uploads\\\/2022\\\/10\\\/g2cb644c35e69006ea43b1cfa00428e279ac6ec69a0cc0a38acdb75c753f338f6f6cefd82fe0455d724193233691c825b367d290a6f62a56a881f0a12c7545beb_1280.jpg\",\"contentUrl\":\"https:\\\/\\\/www.wybierzmyrazem.pl\\\/wp-content\\\/uploads\\\/2022\\\/10\\\/g2cb644c35e69006ea43b1cfa00428e279ac6ec69a0cc0a38acdb75c753f338f6f6cefd82fe0455d724193233691c825b367d290a6f62a56a881f0a12c7545beb_1280.jpg\",\"width\":1280,\"height\":704,\"caption\":\"prawnik\"},{\"@type\":\"BreadcrumbList\",\"@id\":\"https:\\\/\\\/www.wybierzmyrazem.pl\\\/index.php\\\/2022\\\/10\\\/03\\\/upadlosc-konsumencka-kiedy-zglosic\\\/#breadcrumb\",\"itemListElement\":[{\"@type\":\"ListItem\",\"position\":1,\"name\":\"Strona g\u0142\u00f3wna\",\"item\":\"https:\\\/\\\/www.wybierzmyrazem.pl\\\/\"},{\"@type\":\"ListItem\",\"position\":2,\"name\":\"Upad\u0142o\u015b\u0107 konsumencka &#8211; kiedy zg\u0142osi\u0107?\"}]},{\"@type\":\"WebSite\",\"@id\":\"https:\\\/\\\/www.wybierzmyrazem.pl\\\/#website\",\"url\":\"https:\\\/\\\/www.wybierzmyrazem.pl\\\/\",\"name\":\"wybierzmyrazem.pl\",\"description\":\"Tw\u00f3j ulubiony blog!\",\"publisher\":{\"@id\":\"https:\\\/\\\/www.wybierzmyrazem.pl\\\/#organization\"},\"potentialAction\":[{\"@type\":\"SearchAction\",\"target\":{\"@type\":\"EntryPoint\",\"urlTemplate\":\"https:\\\/\\\/www.wybierzmyrazem.pl\\\/?s={search_term_string}\"},\"query-input\":{\"@type\":\"PropertyValueSpecification\",\"valueRequired\":true,\"valueName\":\"search_term_string\"}}],\"inLanguage\":\"pl-PL\"},{\"@type\":\"Organization\",\"@id\":\"https:\\\/\\\/www.wybierzmyrazem.pl\\\/#organization\",\"name\":\"wybierzmyrazem.pl\",\"url\":\"https:\\\/\\\/www.wybierzmyrazem.pl\\\/\",\"logo\":{\"@type\":\"ImageObject\",\"inLanguage\":\"pl-PL\",\"@id\":\"https:\\\/\\\/www.wybierzmyrazem.pl\\\/#\\\/schema\\\/logo\\\/image\\\/\",\"url\":\"https:\\\/\\\/www.wybierzmyrazem.pl\\\/wp-content\\\/uploads\\\/2022\\\/05\\\/Screenshot.png\",\"contentUrl\":\"https:\\\/\\\/www.wybierzmyrazem.pl\\\/wp-content\\\/uploads\\\/2022\\\/05\\\/Screenshot.png\",\"width\":321,\"height\":243,\"caption\":\"wybierzmyrazem.pl\"},\"image\":{\"@id\":\"https:\\\/\\\/www.wybierzmyrazem.pl\\\/#\\\/schema\\\/logo\\\/image\\\/\"}},{\"@type\":\"Person\",\"@id\":\"https:\\\/\\\/www.wybierzmyrazem.pl\\\/#\\\/schema\\\/person\\\/63c38787c47f7fdd6991c64a3736de08\",\"name\":\"dev5e2\",\"image\":{\"@type\":\"ImageObject\",\"inLanguage\":\"pl-PL\",\"@id\":\"https:\\\/\\\/secure.gravatar.com\\\/avatar\\\/074e977b919a27539450977a304f65b9a1233c5635db562dd184870dbba1fbc0?s=96&d=mm&r=g\",\"url\":\"https:\\\/\\\/secure.gravatar.com\\\/avatar\\\/074e977b919a27539450977a304f65b9a1233c5635db562dd184870dbba1fbc0?s=96&d=mm&r=g\",\"contentUrl\":\"https:\\\/\\\/secure.gravatar.com\\\/avatar\\\/074e977b919a27539450977a304f65b9a1233c5635db562dd184870dbba1fbc0?s=96&d=mm&r=g\",\"caption\":\"dev5e2\"},\"sameAs\":[\"http:\\\/\\\/wybierzmyrazem.pl\"]}]}<\/script>\n<!-- \/ Yoast SEO plugin. -->","yoast_head_json":{"title":"Upad\u0142o\u015b\u0107 konsumencka - kiedy zg\u0142osi\u0107? - wybierzmyrazem.pl","robots":{"index":"index","follow":"follow","max-snippet":"max-snippet:-1","max-image-preview":"max-image-preview:large","max-video-preview":"max-video-preview:-1"},"canonical":"https:\/\/www.wybierzmyrazem.pl\/index.php\/2022\/10\/03\/upadlosc-konsumencka-kiedy-zglosic\/","og_locale":"pl_PL","og_type":"article","og_title":"Upad\u0142o\u015b\u0107 konsumencka - kiedy zg\u0142osi\u0107? - wybierzmyrazem.pl","og_description":"Pojawienie si\u0119 d\u0142ug\u00f3w w swojej sytuacji finansowej z pewno\u015bci\u0105 nie jest czym\u015b, co mo\u017ce zadowoli\u0107 na drodze \u017cyciowej. Zobowi\u0105zania finansowe s\u0105 bowiem bardzo k\u0142opotliwe, szczeg\u00f3lnie wtedy, gdy trudno jest dok\u0142adnie...","og_url":"https:\/\/www.wybierzmyrazem.pl\/index.php\/2022\/10\/03\/upadlosc-konsumencka-kiedy-zglosic\/","og_site_name":"wybierzmyrazem.pl","article_published_time":"2022-10-03T15:30:45+00:00","article_modified_time":"2023-01-09T10:01:39+00:00","og_image":[{"width":1280,"height":704,"url":"https:\/\/www.wybierzmyrazem.pl\/wp-content\/uploads\/2022\/10\/g2cb644c35e69006ea43b1cfa00428e279ac6ec69a0cc0a38acdb75c753f338f6f6cefd82fe0455d724193233691c825b367d290a6f62a56a881f0a12c7545beb_1280.jpg","type":"image\/jpeg"}],"author":"dev5e2","twitter_card":"summary_large_image","twitter_misc":{"Napisane przez":"dev5e2","Szacowany czas czytania":"3 minuty"},"schema":{"@context":"https:\/\/schema.org","@graph":[{"@type":"Article","@id":"https:\/\/www.wybierzmyrazem.pl\/index.php\/2022\/10\/03\/upadlosc-konsumencka-kiedy-zglosic\/#article","isPartOf":{"@id":"https:\/\/www.wybierzmyrazem.pl\/index.php\/2022\/10\/03\/upadlosc-konsumencka-kiedy-zglosic\/"},"author":{"name":"dev5e2","@id":"https:\/\/www.wybierzmyrazem.pl\/#\/schema\/person\/63c38787c47f7fdd6991c64a3736de08"},"headline":"Upad\u0142o\u015b\u0107 konsumencka &#8211; kiedy zg\u0142osi\u0107?","datePublished":"2022-10-03T15:30:45+00:00","dateModified":"2023-01-09T10:01:39+00:00","mainEntityOfPage":{"@id":"https:\/\/www.wybierzmyrazem.pl\/index.php\/2022\/10\/03\/upadlosc-konsumencka-kiedy-zglosic\/"},"wordCount":560,"publisher":{"@id":"https:\/\/www.wybierzmyrazem.pl\/#organization"},"image":{"@id":"https:\/\/www.wybierzmyrazem.pl\/index.php\/2022\/10\/03\/upadlosc-konsumencka-kiedy-zglosic\/#primaryimage"},"thumbnailUrl":"https:\/\/www.wybierzmyrazem.pl\/wp-content\/uploads\/2022\/10\/g2cb644c35e69006ea43b1cfa00428e279ac6ec69a0cc0a38acdb75c753f338f6f6cefd82fe0455d724193233691c825b367d290a6f62a56a881f0a12c7545beb_1280.jpg","inLanguage":"pl-PL"},{"@type":"WebPage","@id":"https:\/\/www.wybierzmyrazem.pl\/index.php\/2022\/10\/03\/upadlosc-konsumencka-kiedy-zglosic\/","url":"https:\/\/www.wybierzmyrazem.pl\/index.php\/2022\/10\/03\/upadlosc-konsumencka-kiedy-zglosic\/","name":"Upad\u0142o\u015b\u0107 konsumencka - kiedy zg\u0142osi\u0107? - wybierzmyrazem.pl","isPartOf":{"@id":"https:\/\/www.wybierzmyrazem.pl\/#website"},"primaryImageOfPage":{"@id":"https:\/\/www.wybierzmyrazem.pl\/index.php\/2022\/10\/03\/upadlosc-konsumencka-kiedy-zglosic\/#primaryimage"},"image":{"@id":"https:\/\/www.wybierzmyrazem.pl\/index.php\/2022\/10\/03\/upadlosc-konsumencka-kiedy-zglosic\/#primaryimage"},"thumbnailUrl":"https:\/\/www.wybierzmyrazem.pl\/wp-content\/uploads\/2022\/10\/g2cb644c35e69006ea43b1cfa00428e279ac6ec69a0cc0a38acdb75c753f338f6f6cefd82fe0455d724193233691c825b367d290a6f62a56a881f0a12c7545beb_1280.jpg","datePublished":"2022-10-03T15:30:45+00:00","dateModified":"2023-01-09T10:01:39+00:00","breadcrumb":{"@id":"https:\/\/www.wybierzmyrazem.pl\/index.php\/2022\/10\/03\/upadlosc-konsumencka-kiedy-zglosic\/#breadcrumb"},"inLanguage":"pl-PL","potentialAction":[{"@type":"ReadAction","target":["https:\/\/www.wybierzmyrazem.pl\/index.php\/2022\/10\/03\/upadlosc-konsumencka-kiedy-zglosic\/"]}]},{"@type":"ImageObject","inLanguage":"pl-PL","@id":"https:\/\/www.wybierzmyrazem.pl\/index.php\/2022\/10\/03\/upadlosc-konsumencka-kiedy-zglosic\/#primaryimage","url":"https:\/\/www.wybierzmyrazem.pl\/wp-content\/uploads\/2022\/10\/g2cb644c35e69006ea43b1cfa00428e279ac6ec69a0cc0a38acdb75c753f338f6f6cefd82fe0455d724193233691c825b367d290a6f62a56a881f0a12c7545beb_1280.jpg","contentUrl":"https:\/\/www.wybierzmyrazem.pl\/wp-content\/uploads\/2022\/10\/g2cb644c35e69006ea43b1cfa00428e279ac6ec69a0cc0a38acdb75c753f338f6f6cefd82fe0455d724193233691c825b367d290a6f62a56a881f0a12c7545beb_1280.jpg","width":1280,"height":704,"caption":"prawnik"},{"@type":"BreadcrumbList","@id":"https:\/\/www.wybierzmyrazem.pl\/index.php\/2022\/10\/03\/upadlosc-konsumencka-kiedy-zglosic\/#breadcrumb","itemListElement":[{"@type":"ListItem","position":1,"name":"Strona g\u0142\u00f3wna","item":"https:\/\/www.wybierzmyrazem.pl\/"},{"@type":"ListItem","position":2,"name":"Upad\u0142o\u015b\u0107 konsumencka &#8211; kiedy zg\u0142osi\u0107?"}]},{"@type":"WebSite","@id":"https:\/\/www.wybierzmyrazem.pl\/#website","url":"https:\/\/www.wybierzmyrazem.pl\/","name":"wybierzmyrazem.pl","description":"Tw\u00f3j ulubiony blog!","publisher":{"@id":"https:\/\/www.wybierzmyrazem.pl\/#organization"},"potentialAction":[{"@type":"SearchAction","target":{"@type":"EntryPoint","urlTemplate":"https:\/\/www.wybierzmyrazem.pl\/?s={search_term_string}"},"query-input":{"@type":"PropertyValueSpecification","valueRequired":true,"valueName":"search_term_string"}}],"inLanguage":"pl-PL"},{"@type":"Organization","@id":"https:\/\/www.wybierzmyrazem.pl\/#organization","name":"wybierzmyrazem.pl","url":"https:\/\/www.wybierzmyrazem.pl\/","logo":{"@type":"ImageObject","inLanguage":"pl-PL","@id":"https:\/\/www.wybierzmyrazem.pl\/#\/schema\/logo\/image\/","url":"https:\/\/www.wybierzmyrazem.pl\/wp-content\/uploads\/2022\/05\/Screenshot.png","contentUrl":"https:\/\/www.wybierzmyrazem.pl\/wp-content\/uploads\/2022\/05\/Screenshot.png","width":321,"height":243,"caption":"wybierzmyrazem.pl"},"image":{"@id":"https:\/\/www.wybierzmyrazem.pl\/#\/schema\/logo\/image\/"}},{"@type":"Person","@id":"https:\/\/www.wybierzmyrazem.pl\/#\/schema\/person\/63c38787c47f7fdd6991c64a3736de08","name":"dev5e2","image":{"@type":"ImageObject","inLanguage":"pl-PL","@id":"https:\/\/secure.gravatar.com\/avatar\/074e977b919a27539450977a304f65b9a1233c5635db562dd184870dbba1fbc0?s=96&d=mm&r=g","url":"https:\/\/secure.gravatar.com\/avatar\/074e977b919a27539450977a304f65b9a1233c5635db562dd184870dbba1fbc0?s=96&d=mm&r=g","contentUrl":"https:\/\/secure.gravatar.com\/avatar\/074e977b919a27539450977a304f65b9a1233c5635db562dd184870dbba1fbc0?s=96&d=mm&r=g","caption":"dev5e2"},"sameAs":["http:\/\/wybierzmyrazem.pl"]}]}},"_links":{"self":[{"href":"https:\/\/www.wybierzmyrazem.pl\/index.php\/wp-json\/wp\/v2\/posts\/109","targetHints":{"allow":["GET"]}}],"collection":[{"href":"https:\/\/www.wybierzmyrazem.pl\/index.php\/wp-json\/wp\/v2\/posts"}],"about":[{"href":"https:\/\/www.wybierzmyrazem.pl\/index.php\/wp-json\/wp\/v2\/types\/post"}],"author":[{"embeddable":true,"href":"https:\/\/www.wybierzmyrazem.pl\/index.php\/wp-json\/wp\/v2\/users\/1"}],"replies":[{"embeddable":true,"href":"https:\/\/www.wybierzmyrazem.pl\/index.php\/wp-json\/wp\/v2\/comments?post=109"}],"version-history":[{"count":1,"href":"https:\/\/www.wybierzmyrazem.pl\/index.php\/wp-json\/wp\/v2\/posts\/109\/revisions"}],"predecessor-version":[{"id":240,"href":"https:\/\/www.wybierzmyrazem.pl\/index.php\/wp-json\/wp\/v2\/posts\/109\/revisions\/240"}],"wp:featuredmedia":[{"embeddable":true,"href":"https:\/\/www.wybierzmyrazem.pl\/index.php\/wp-json\/wp\/v2\/media\/108"}],"wp:attachment":[{"href":"https:\/\/www.wybierzmyrazem.pl\/index.php\/wp-json\/wp\/v2\/media?parent=109"}],"wp:term":[{"taxonomy":"category","embeddable":true,"href":"https:\/\/www.wybierzmyrazem.pl\/index.php\/wp-json\/wp\/v2\/categories?post=109"},{"taxonomy":"post_tag","embeddable":true,"href":"https:\/\/www.wybierzmyrazem.pl\/index.php\/wp-json\/wp\/v2\/tags?post=109"}],"curies":[{"name":"wp","href":"https:\/\/api.w.org\/{rel}","templated":true}]}}