{"id":1157,"date":"2024-01-11T12:31:42","date_gmt":"2024-01-11T11:31:42","guid":{"rendered":"https:\/\/www.wybierzmyrazem.pl\/?p=1157"},"modified":"2024-01-11T12:31:43","modified_gmt":"2024-01-11T11:31:43","slug":"ile-kosztuje-montaz-lustra","status":"publish","type":"post","link":"https:\/\/www.wybierzmyrazem.pl\/index.php\/2024\/01\/11\/ile-kosztuje-montaz-lustra\/","title":{"rendered":"Ile kosztuje monta\u017c lustra?"},"content":{"rendered":"\n<p>Monta\u017c lustra w domu czy biurze to proces, kt\u00f3ry wymaga nie tylko precyzyjno\u015bci, ale r\u00f3wnie\u017c pewnego poziomu do\u015bwiadczenia i umiej\u0119tno\u015bci. Wydawa\u0107 by si\u0119 mog\u0142o, \u017ce jest to prosta czynno\u015b\u0107 &#8211; jednak prawda jest taka, \u017ce nawet najmniejszy b\u0142\u0105d mo\u017ce prowadzi\u0107 do p\u0119kni\u0119cia lub innych uszkodze\u0144. W tym artykule przyjrzano si\u0119 dok\u0142adnie, jak wygl\u0105da monta\u017c lustra oraz ile kosztuje ta us\u0142uga.&nbsp;<\/p>\n\n\n\n<h2 class=\"wp-block-heading\">Monta\u017c lustra &#8211; jak wygl\u0105da?&nbsp;<\/h2>\n\n\n\n<p>Oto og\u00f3lny przewodnik monta\u017cu lustra:<\/p>\n\n\n\n<ol class=\"wp-block-list\">\n<li>Przygotowanie miejsca monta\u017cu: Upewnij si\u0119, \u017ce miejsce, w kt\u00f3rym zamierzasz zamontowa\u0107 lustro, jest odpowiednio przygotowane. To obejmuje czyszczenie powierzchni, na kt\u00f3rej lustro zostanie umieszczone, aby zapewni\u0107 dobr\u0105 przyczepno\u015b\u0107.&nbsp;<\/li>\n\n\n\n<li>Oznaczenie miejsca monta\u017cu: Ustal dok\u0142adne miejsce, gdzie chcesz zamontowa\u0107 lustro.&nbsp;<\/li>\n\n\n\n<li>Monta\u017c uchwyt\u00f3w lub haczyk\u00f3w: W zale\u017cno\u015bci od rodzaju lustra i systemu monta\u017cu, zamocuj odpowiednie uchwyty, haczyki lub inne elementy mocuj\u0105ce do \u015bciany. Upewnij si\u0119, \u017ce s\u0105 one r\u00f3wno umieszczone i odpowiednio przymocowane.&nbsp;<\/li>\n\n\n\n<li>Przygotowanie lustra: Przygotuj lustro do monta\u017cu, usuwaj\u0105c ewentualne zabezpieczenia, takie jak warstwa ochronna czy specjalne nak\u0142adki na kraw\u0119dzie.&nbsp;<\/li>\n\n\n\n<li>Zawieszenie lustra: Je\u015bli lustro ma specjalne otwory czy system mocowania, u\u017cyj ich do zawieszenia na wcze\u015bniej zamontowanych uchwytach lub haczykach. W przypadku mniejszych luster mo\u017cna r\u00f3wnie\u017c u\u017cy\u0107 ta\u015bmy dwustronnej, ale dla wi\u0119kszych luster zaleca si\u0119 stosowanie bardziej solidnych system\u00f3w mocowania.&nbsp;<\/li>\n\n\n\n<li>Doprecyzowanie ustawienia: Po zawieszeniu lustra sprawd\u017a, czy jest ono r\u00f3wno i stabilnie umieszczone.&nbsp;<\/li>\n<\/ol>\n\n\n\n<p>Wa\u017cne jest, aby przestrzega\u0107 zalece\u0144 producenta dotycz\u0105cych monta\u017cu i bezpiecze\u0144stwa. W przypadku wi\u0119kszych i ci\u0119\u017cszych luster warto skonsultowa\u0107 si\u0119 z profesjonalist\u0105 w zakresie monta\u017cu.<\/p>\n\n\n\n<h2 class=\"wp-block-heading\">Profesjonalny monta\u017c lustra &#8211; ile kosztuje?&nbsp;<\/h2>\n\n\n\n<p>Koszt profesjonalnego monta\u017cu <a href=\"https:\/\/szklarzpoznan.net\/uslugi\/montaz-luster\/\">lustra Pozna\u0144<\/a> lub innej lokalizacji mo\u017ce zale\u017ce\u0107 od kilku czynnik\u00f3w, takich jak rodzaj lustra, jego rozmiar, rodzaj monta\u017cu, dost\u0119pno\u015b\u0107 miejsca monta\u017cu, a tak\u017ce ewentualne prace dodatkowe, takie jak przygotowanie \u015bciany czy dostosowanie do specyficznych warunk\u00f3w. Ostateczna cena mo\u017ce r\u00f3wnie\u017c zale\u017ce\u0107 od polityki cenowej danej firmy monta\u017cowej.<\/p>\n\n\n\n<p>Aby uzyska\u0107 dok\u0142adn\u0105 wycen\u0119, zaleca si\u0119 skontaktowanie si\u0119 z firmami oferuj\u0105cymi us\u0142ugi monta\u017cu luster. Firma ta mo\u017ce oceni\u0107 warunki monta\u017cu, zrozumie\u0107 specyfik\u0119 lustra i dostosowa\u0107 ofert\u0119 do konkretnych potrzeb klienta. W ten spos\u00f3b uzyskasz spersonalizowan\u0105 informacj\u0119 dotycz\u0105c\u0105 koszt\u00f3w, dostosowan\u0105 do Twojego konkretnego przypadku.<\/p>\n\n\n\n<h2 class=\"wp-block-heading\">Monta\u017c lustra &#8211; samodzielnie czy z pomoc\u0105 fachowc\u00f3w?&nbsp;<\/h2>\n\n\n\n<p>Monta\u017c lustra mo\u017cna przeprowadzi\u0107 zar\u00f3wno samodzielnie, jak i z pomoc\u0105 fachowc\u00f3w. Je\u015bli masz odpowiednie narz\u0119dzia, do\u015bwiadczenie w pracach monta\u017cowych oraz pewno\u015b\u0107 siebie, mo\u017cesz spr\u00f3bowa\u0107 zainstalowa\u0107 lustro samodzielnie. Wa\u017cne jest jednak pami\u0119tanie o bezpiecze\u0144stwie i starannej pracy &#8211; lustra mog\u0105 by\u0107 ci\u0119\u017ckie i delikatne, dlatego konieczne jest umiej\u0119tne ich podtrzymywanie i mocowanie.<\/p>\n\n\n\n<p>Je\u015bli nie czujesz si\u0119 na tyle pewny lub nie posiadasz odpowiednich umiej\u0119tno\u015bci technicznych, lepiej skorzysta\u0107 z pomocy fachowc\u00f3w. Wyszkoleni specjali\u015bci b\u0119d\u0105 w stanie prawid\u0142owo zamontowa\u0107 lustro, dbaj\u0105c o jego stabilno\u015b\u0107 i bezpiecze\u0144stwo u\u017cytkowania.&nbsp;<\/p>\n","protected":false},"excerpt":{"rendered":"<p>Monta\u017c lustra w domu czy biurze to proces, kt\u00f3ry wymaga nie tylko precyzyjno\u015bci, ale r\u00f3wnie\u017c pewnego poziomu do\u015bwiadczenia i umiej\u0119tno\u015bci. Wydawa\u0107 by si\u0119 mog\u0142o, \u017ce jest to prosta czynno\u015b\u0107 &#8211;&#8230;<\/p>\n","protected":false},"author":1,"featured_media":1106,"comment_status":"open","ping_status":"open","sticky":false,"template":"","format":"standard","meta":{"footnotes":""},"categories":[5],"tags":[],"class_list":["post-1157","post","type-post","status-publish","format-standard","has-post-thumbnail","hentry","category-dom-i-ogrod"],"yoast_head":"<!-- This site is optimized with the Yoast SEO plugin v27.4 - https:\/\/yoast.com\/product\/yoast-seo-wordpress\/ -->\n<title>Ile kosztuje monta\u017c lustra? - wybierzmyrazem.pl<\/title>\n<meta name=\"robots\" content=\"index, follow, max-snippet:-1, max-image-preview:large, max-video-preview:-1\" \/>\n<link rel=\"canonical\" href=\"https:\/\/www.wybierzmyrazem.pl\/index.php\/2024\/01\/11\/ile-kosztuje-montaz-lustra\/\" \/>\n<meta property=\"og:locale\" content=\"pl_PL\" \/>\n<meta property=\"og:type\" content=\"article\" \/>\n<meta property=\"og:title\" content=\"Ile kosztuje monta\u017c lustra? - wybierzmyrazem.pl\" \/>\n<meta property=\"og:description\" content=\"Monta\u017c lustra w domu czy biurze to proces, kt\u00f3ry wymaga nie tylko precyzyjno\u015bci, ale r\u00f3wnie\u017c pewnego poziomu do\u015bwiadczenia i umiej\u0119tno\u015bci. Wydawa\u0107 by si\u0119 mog\u0142o, \u017ce jest to prosta czynno\u015b\u0107 &#8211;...\" \/>\n<meta property=\"og:url\" content=\"https:\/\/www.wybierzmyrazem.pl\/index.php\/2024\/01\/11\/ile-kosztuje-montaz-lustra\/\" \/>\n<meta property=\"og:site_name\" content=\"wybierzmyrazem.pl\" \/>\n<meta property=\"article:published_time\" content=\"2024-01-11T11:31:42+00:00\" \/>\n<meta property=\"article:modified_time\" content=\"2024-01-11T11:31:43+00:00\" \/>\n<meta property=\"og:image\" content=\"https:\/\/www.wybierzmyrazem.pl\/wp-content\/uploads\/2023\/12\/collov-home-design-xJ14RuLV9zI-unsplash.jpg\" \/>\n\t<meta property=\"og:image:width\" content=\"1920\" \/>\n\t<meta property=\"og:image:height\" content=\"1440\" \/>\n\t<meta property=\"og:image:type\" content=\"image\/jpeg\" \/>\n<meta name=\"author\" content=\"dev5e2\" \/>\n<meta name=\"twitter:card\" content=\"summary_large_image\" \/>\n<meta name=\"twitter:label1\" content=\"Napisane przez\" \/>\n\t<meta name=\"twitter:data1\" content=\"dev5e2\" \/>\n\t<meta name=\"twitter:label2\" content=\"Szacowany czas czytania\" \/>\n\t<meta name=\"twitter:data2\" content=\"3 minuty\" \/>\n<script type=\"application\/ld+json\" class=\"yoast-schema-graph\">{\"@context\":\"https:\\\/\\\/schema.org\",\"@graph\":[{\"@type\":\"Article\",\"@id\":\"https:\\\/\\\/www.wybierzmyrazem.pl\\\/index.php\\\/2024\\\/01\\\/11\\\/ile-kosztuje-montaz-lustra\\\/#article\",\"isPartOf\":{\"@id\":\"https:\\\/\\\/www.wybierzmyrazem.pl\\\/index.php\\\/2024\\\/01\\\/11\\\/ile-kosztuje-montaz-lustra\\\/\"},\"author\":{\"name\":\"dev5e2\",\"@id\":\"https:\\\/\\\/www.wybierzmyrazem.pl\\\/#\\\/schema\\\/person\\\/63c38787c47f7fdd6991c64a3736de08\"},\"headline\":\"Ile kosztuje monta\u017c lustra?\",\"datePublished\":\"2024-01-11T11:31:42+00:00\",\"dateModified\":\"2024-01-11T11:31:43+00:00\",\"mainEntityOfPage\":{\"@id\":\"https:\\\/\\\/www.wybierzmyrazem.pl\\\/index.php\\\/2024\\\/01\\\/11\\\/ile-kosztuje-montaz-lustra\\\/\"},\"wordCount\":537,\"commentCount\":0,\"publisher\":{\"@id\":\"https:\\\/\\\/www.wybierzmyrazem.pl\\\/#organization\"},\"image\":{\"@id\":\"https:\\\/\\\/www.wybierzmyrazem.pl\\\/index.php\\\/2024\\\/01\\\/11\\\/ile-kosztuje-montaz-lustra\\\/#primaryimage\"},\"thumbnailUrl\":\"https:\\\/\\\/www.wybierzmyrazem.pl\\\/wp-content\\\/uploads\\\/2023\\\/12\\\/collov-home-design-xJ14RuLV9zI-unsplash.jpg\",\"articleSection\":[\"Dom i ogr\u00f3d\"],\"inLanguage\":\"pl-PL\",\"potentialAction\":[{\"@type\":\"CommentAction\",\"name\":\"Comment\",\"target\":[\"https:\\\/\\\/www.wybierzmyrazem.pl\\\/index.php\\\/2024\\\/01\\\/11\\\/ile-kosztuje-montaz-lustra\\\/#respond\"]}]},{\"@type\":\"WebPage\",\"@id\":\"https:\\\/\\\/www.wybierzmyrazem.pl\\\/index.php\\\/2024\\\/01\\\/11\\\/ile-kosztuje-montaz-lustra\\\/\",\"url\":\"https:\\\/\\\/www.wybierzmyrazem.pl\\\/index.php\\\/2024\\\/01\\\/11\\\/ile-kosztuje-montaz-lustra\\\/\",\"name\":\"Ile kosztuje monta\u017c lustra? - wybierzmyrazem.pl\",\"isPartOf\":{\"@id\":\"https:\\\/\\\/www.wybierzmyrazem.pl\\\/#website\"},\"primaryImageOfPage\":{\"@id\":\"https:\\\/\\\/www.wybierzmyrazem.pl\\\/index.php\\\/2024\\\/01\\\/11\\\/ile-kosztuje-montaz-lustra\\\/#primaryimage\"},\"image\":{\"@id\":\"https:\\\/\\\/www.wybierzmyrazem.pl\\\/index.php\\\/2024\\\/01\\\/11\\\/ile-kosztuje-montaz-lustra\\\/#primaryimage\"},\"thumbnailUrl\":\"https:\\\/\\\/www.wybierzmyrazem.pl\\\/wp-content\\\/uploads\\\/2023\\\/12\\\/collov-home-design-xJ14RuLV9zI-unsplash.jpg\",\"datePublished\":\"2024-01-11T11:31:42+00:00\",\"dateModified\":\"2024-01-11T11:31:43+00:00\",\"breadcrumb\":{\"@id\":\"https:\\\/\\\/www.wybierzmyrazem.pl\\\/index.php\\\/2024\\\/01\\\/11\\\/ile-kosztuje-montaz-lustra\\\/#breadcrumb\"},\"inLanguage\":\"pl-PL\",\"potentialAction\":[{\"@type\":\"ReadAction\",\"target\":[\"https:\\\/\\\/www.wybierzmyrazem.pl\\\/index.php\\\/2024\\\/01\\\/11\\\/ile-kosztuje-montaz-lustra\\\/\"]}]},{\"@type\":\"ImageObject\",\"inLanguage\":\"pl-PL\",\"@id\":\"https:\\\/\\\/www.wybierzmyrazem.pl\\\/index.php\\\/2024\\\/01\\\/11\\\/ile-kosztuje-montaz-lustra\\\/#primaryimage\",\"url\":\"https:\\\/\\\/www.wybierzmyrazem.pl\\\/wp-content\\\/uploads\\\/2023\\\/12\\\/collov-home-design-xJ14RuLV9zI-unsplash.jpg\",\"contentUrl\":\"https:\\\/\\\/www.wybierzmyrazem.pl\\\/wp-content\\\/uploads\\\/2023\\\/12\\\/collov-home-design-xJ14RuLV9zI-unsplash.jpg\",\"width\":1920,\"height\":1440},{\"@type\":\"BreadcrumbList\",\"@id\":\"https:\\\/\\\/www.wybierzmyrazem.pl\\\/index.php\\\/2024\\\/01\\\/11\\\/ile-kosztuje-montaz-lustra\\\/#breadcrumb\",\"itemListElement\":[{\"@type\":\"ListItem\",\"position\":1,\"name\":\"Strona g\u0142\u00f3wna\",\"item\":\"https:\\\/\\\/www.wybierzmyrazem.pl\\\/\"},{\"@type\":\"ListItem\",\"position\":2,\"name\":\"Ile kosztuje monta\u017c lustra?\"}]},{\"@type\":\"WebSite\",\"@id\":\"https:\\\/\\\/www.wybierzmyrazem.pl\\\/#website\",\"url\":\"https:\\\/\\\/www.wybierzmyrazem.pl\\\/\",\"name\":\"wybierzmyrazem.pl\",\"description\":\"Tw\u00f3j ulubiony blog!\",\"publisher\":{\"@id\":\"https:\\\/\\\/www.wybierzmyrazem.pl\\\/#organization\"},\"potentialAction\":[{\"@type\":\"SearchAction\",\"target\":{\"@type\":\"EntryPoint\",\"urlTemplate\":\"https:\\\/\\\/www.wybierzmyrazem.pl\\\/?s={search_term_string}\"},\"query-input\":{\"@type\":\"PropertyValueSpecification\",\"valueRequired\":true,\"valueName\":\"search_term_string\"}}],\"inLanguage\":\"pl-PL\"},{\"@type\":\"Organization\",\"@id\":\"https:\\\/\\\/www.wybierzmyrazem.pl\\\/#organization\",\"name\":\"wybierzmyrazem.pl\",\"url\":\"https:\\\/\\\/www.wybierzmyrazem.pl\\\/\",\"logo\":{\"@type\":\"ImageObject\",\"inLanguage\":\"pl-PL\",\"@id\":\"https:\\\/\\\/www.wybierzmyrazem.pl\\\/#\\\/schema\\\/logo\\\/image\\\/\",\"url\":\"https:\\\/\\\/www.wybierzmyrazem.pl\\\/wp-content\\\/uploads\\\/2022\\\/05\\\/Screenshot.png\",\"contentUrl\":\"https:\\\/\\\/www.wybierzmyrazem.pl\\\/wp-content\\\/uploads\\\/2022\\\/05\\\/Screenshot.png\",\"width\":321,\"height\":243,\"caption\":\"wybierzmyrazem.pl\"},\"image\":{\"@id\":\"https:\\\/\\\/www.wybierzmyrazem.pl\\\/#\\\/schema\\\/logo\\\/image\\\/\"}},{\"@type\":\"Person\",\"@id\":\"https:\\\/\\\/www.wybierzmyrazem.pl\\\/#\\\/schema\\\/person\\\/63c38787c47f7fdd6991c64a3736de08\",\"name\":\"dev5e2\",\"image\":{\"@type\":\"ImageObject\",\"inLanguage\":\"pl-PL\",\"@id\":\"https:\\\/\\\/secure.gravatar.com\\\/avatar\\\/074e977b919a27539450977a304f65b9a1233c5635db562dd184870dbba1fbc0?s=96&d=mm&r=g\",\"url\":\"https:\\\/\\\/secure.gravatar.com\\\/avatar\\\/074e977b919a27539450977a304f65b9a1233c5635db562dd184870dbba1fbc0?s=96&d=mm&r=g\",\"contentUrl\":\"https:\\\/\\\/secure.gravatar.com\\\/avatar\\\/074e977b919a27539450977a304f65b9a1233c5635db562dd184870dbba1fbc0?s=96&d=mm&r=g\",\"caption\":\"dev5e2\"},\"sameAs\":[\"http:\\\/\\\/wybierzmyrazem.pl\"]}]}<\/script>\n<!-- \/ Yoast SEO plugin. -->","yoast_head_json":{"title":"Ile kosztuje monta\u017c lustra? - wybierzmyrazem.pl","robots":{"index":"index","follow":"follow","max-snippet":"max-snippet:-1","max-image-preview":"max-image-preview:large","max-video-preview":"max-video-preview:-1"},"canonical":"https:\/\/www.wybierzmyrazem.pl\/index.php\/2024\/01\/11\/ile-kosztuje-montaz-lustra\/","og_locale":"pl_PL","og_type":"article","og_title":"Ile kosztuje monta\u017c lustra? - wybierzmyrazem.pl","og_description":"Monta\u017c lustra w domu czy biurze to proces, kt\u00f3ry wymaga nie tylko precyzyjno\u015bci, ale r\u00f3wnie\u017c pewnego poziomu do\u015bwiadczenia i umiej\u0119tno\u015bci. Wydawa\u0107 by si\u0119 mog\u0142o, \u017ce jest to prosta czynno\u015b\u0107 &#8211;...","og_url":"https:\/\/www.wybierzmyrazem.pl\/index.php\/2024\/01\/11\/ile-kosztuje-montaz-lustra\/","og_site_name":"wybierzmyrazem.pl","article_published_time":"2024-01-11T11:31:42+00:00","article_modified_time":"2024-01-11T11:31:43+00:00","og_image":[{"width":1920,"height":1440,"url":"https:\/\/www.wybierzmyrazem.pl\/wp-content\/uploads\/2023\/12\/collov-home-design-xJ14RuLV9zI-unsplash.jpg","type":"image\/jpeg"}],"author":"dev5e2","twitter_card":"summary_large_image","twitter_misc":{"Napisane przez":"dev5e2","Szacowany czas czytania":"3 minuty"},"schema":{"@context":"https:\/\/schema.org","@graph":[{"@type":"Article","@id":"https:\/\/www.wybierzmyrazem.pl\/index.php\/2024\/01\/11\/ile-kosztuje-montaz-lustra\/#article","isPartOf":{"@id":"https:\/\/www.wybierzmyrazem.pl\/index.php\/2024\/01\/11\/ile-kosztuje-montaz-lustra\/"},"author":{"name":"dev5e2","@id":"https:\/\/www.wybierzmyrazem.pl\/#\/schema\/person\/63c38787c47f7fdd6991c64a3736de08"},"headline":"Ile kosztuje monta\u017c lustra?","datePublished":"2024-01-11T11:31:42+00:00","dateModified":"2024-01-11T11:31:43+00:00","mainEntityOfPage":{"@id":"https:\/\/www.wybierzmyrazem.pl\/index.php\/2024\/01\/11\/ile-kosztuje-montaz-lustra\/"},"wordCount":537,"commentCount":0,"publisher":{"@id":"https:\/\/www.wybierzmyrazem.pl\/#organization"},"image":{"@id":"https:\/\/www.wybierzmyrazem.pl\/index.php\/2024\/01\/11\/ile-kosztuje-montaz-lustra\/#primaryimage"},"thumbnailUrl":"https:\/\/www.wybierzmyrazem.pl\/wp-content\/uploads\/2023\/12\/collov-home-design-xJ14RuLV9zI-unsplash.jpg","articleSection":["Dom i ogr\u00f3d"],"inLanguage":"pl-PL","potentialAction":[{"@type":"CommentAction","name":"Comment","target":["https:\/\/www.wybierzmyrazem.pl\/index.php\/2024\/01\/11\/ile-kosztuje-montaz-lustra\/#respond"]}]},{"@type":"WebPage","@id":"https:\/\/www.wybierzmyrazem.pl\/index.php\/2024\/01\/11\/ile-kosztuje-montaz-lustra\/","url":"https:\/\/www.wybierzmyrazem.pl\/index.php\/2024\/01\/11\/ile-kosztuje-montaz-lustra\/","name":"Ile kosztuje monta\u017c lustra? - wybierzmyrazem.pl","isPartOf":{"@id":"https:\/\/www.wybierzmyrazem.pl\/#website"},"primaryImageOfPage":{"@id":"https:\/\/www.wybierzmyrazem.pl\/index.php\/2024\/01\/11\/ile-kosztuje-montaz-lustra\/#primaryimage"},"image":{"@id":"https:\/\/www.wybierzmyrazem.pl\/index.php\/2024\/01\/11\/ile-kosztuje-montaz-lustra\/#primaryimage"},"thumbnailUrl":"https:\/\/www.wybierzmyrazem.pl\/wp-content\/uploads\/2023\/12\/collov-home-design-xJ14RuLV9zI-unsplash.jpg","datePublished":"2024-01-11T11:31:42+00:00","dateModified":"2024-01-11T11:31:43+00:00","breadcrumb":{"@id":"https:\/\/www.wybierzmyrazem.pl\/index.php\/2024\/01\/11\/ile-kosztuje-montaz-lustra\/#breadcrumb"},"inLanguage":"pl-PL","potentialAction":[{"@type":"ReadAction","target":["https:\/\/www.wybierzmyrazem.pl\/index.php\/2024\/01\/11\/ile-kosztuje-montaz-lustra\/"]}]},{"@type":"ImageObject","inLanguage":"pl-PL","@id":"https:\/\/www.wybierzmyrazem.pl\/index.php\/2024\/01\/11\/ile-kosztuje-montaz-lustra\/#primaryimage","url":"https:\/\/www.wybierzmyrazem.pl\/wp-content\/uploads\/2023\/12\/collov-home-design-xJ14RuLV9zI-unsplash.jpg","contentUrl":"https:\/\/www.wybierzmyrazem.pl\/wp-content\/uploads\/2023\/12\/collov-home-design-xJ14RuLV9zI-unsplash.jpg","width":1920,"height":1440},{"@type":"BreadcrumbList","@id":"https:\/\/www.wybierzmyrazem.pl\/index.php\/2024\/01\/11\/ile-kosztuje-montaz-lustra\/#breadcrumb","itemListElement":[{"@type":"ListItem","position":1,"name":"Strona g\u0142\u00f3wna","item":"https:\/\/www.wybierzmyrazem.pl\/"},{"@type":"ListItem","position":2,"name":"Ile kosztuje monta\u017c lustra?"}]},{"@type":"WebSite","@id":"https:\/\/www.wybierzmyrazem.pl\/#website","url":"https:\/\/www.wybierzmyrazem.pl\/","name":"wybierzmyrazem.pl","description":"Tw\u00f3j ulubiony blog!","publisher":{"@id":"https:\/\/www.wybierzmyrazem.pl\/#organization"},"potentialAction":[{"@type":"SearchAction","target":{"@type":"EntryPoint","urlTemplate":"https:\/\/www.wybierzmyrazem.pl\/?s={search_term_string}"},"query-input":{"@type":"PropertyValueSpecification","valueRequired":true,"valueName":"search_term_string"}}],"inLanguage":"pl-PL"},{"@type":"Organization","@id":"https:\/\/www.wybierzmyrazem.pl\/#organization","name":"wybierzmyrazem.pl","url":"https:\/\/www.wybierzmyrazem.pl\/","logo":{"@type":"ImageObject","inLanguage":"pl-PL","@id":"https:\/\/www.wybierzmyrazem.pl\/#\/schema\/logo\/image\/","url":"https:\/\/www.wybierzmyrazem.pl\/wp-content\/uploads\/2022\/05\/Screenshot.png","contentUrl":"https:\/\/www.wybierzmyrazem.pl\/wp-content\/uploads\/2022\/05\/Screenshot.png","width":321,"height":243,"caption":"wybierzmyrazem.pl"},"image":{"@id":"https:\/\/www.wybierzmyrazem.pl\/#\/schema\/logo\/image\/"}},{"@type":"Person","@id":"https:\/\/www.wybierzmyrazem.pl\/#\/schema\/person\/63c38787c47f7fdd6991c64a3736de08","name":"dev5e2","image":{"@type":"ImageObject","inLanguage":"pl-PL","@id":"https:\/\/secure.gravatar.com\/avatar\/074e977b919a27539450977a304f65b9a1233c5635db562dd184870dbba1fbc0?s=96&d=mm&r=g","url":"https:\/\/secure.gravatar.com\/avatar\/074e977b919a27539450977a304f65b9a1233c5635db562dd184870dbba1fbc0?s=96&d=mm&r=g","contentUrl":"https:\/\/secure.gravatar.com\/avatar\/074e977b919a27539450977a304f65b9a1233c5635db562dd184870dbba1fbc0?s=96&d=mm&r=g","caption":"dev5e2"},"sameAs":["http:\/\/wybierzmyrazem.pl"]}]}},"_links":{"self":[{"href":"https:\/\/www.wybierzmyrazem.pl\/index.php\/wp-json\/wp\/v2\/posts\/1157","targetHints":{"allow":["GET"]}}],"collection":[{"href":"https:\/\/www.wybierzmyrazem.pl\/index.php\/wp-json\/wp\/v2\/posts"}],"about":[{"href":"https:\/\/www.wybierzmyrazem.pl\/index.php\/wp-json\/wp\/v2\/types\/post"}],"author":[{"embeddable":true,"href":"https:\/\/www.wybierzmyrazem.pl\/index.php\/wp-json\/wp\/v2\/users\/1"}],"replies":[{"embeddable":true,"href":"https:\/\/www.wybierzmyrazem.pl\/index.php\/wp-json\/wp\/v2\/comments?post=1157"}],"version-history":[{"count":1,"href":"https:\/\/www.wybierzmyrazem.pl\/index.php\/wp-json\/wp\/v2\/posts\/1157\/revisions"}],"predecessor-version":[{"id":1158,"href":"https:\/\/www.wybierzmyrazem.pl\/index.php\/wp-json\/wp\/v2\/posts\/1157\/revisions\/1158"}],"wp:featuredmedia":[{"embeddable":true,"href":"https:\/\/www.wybierzmyrazem.pl\/index.php\/wp-json\/wp\/v2\/media\/1106"}],"wp:attachment":[{"href":"https:\/\/www.wybierzmyrazem.pl\/index.php\/wp-json\/wp\/v2\/media?parent=1157"}],"wp:term":[{"taxonomy":"category","embeddable":true,"href":"https:\/\/www.wybierzmyrazem.pl\/index.php\/wp-json\/wp\/v2\/categories?post=1157"},{"taxonomy":"post_tag","embeddable":true,"href":"https:\/\/www.wybierzmyrazem.pl\/index.php\/wp-json\/wp\/v2\/tags?post=1157"}],"curies":[{"name":"wp","href":"https:\/\/api.w.org\/{rel}","templated":true}]}}