{"id":119,"date":"2022-11-09T16:30:45","date_gmt":"2022-11-09T15:30:45","guid":{"rendered":"https:\/\/www.wybierzmyrazem.pl\/index.php\/2022\/11\/09\/jak-udekorowac-salon\/"},"modified":"2025-04-01T02:55:29","modified_gmt":"2025-04-01T00:55:29","slug":"jak-udekorowac-salon","status":"publish","type":"post","link":"https:\/\/www.wybierzmyrazem.pl\/index.php\/2022\/11\/09\/jak-udekorowac-salon\/","title":{"rendered":"Jak udekorowa\u0107 salon?"},"content":{"rendered":"<p>Dekorowanie salonu to zadanie, w kt\u00f3rym mo\u017ce spe\u0142ni\u0107 si\u0119 ka\u017cdy niedosz\u0142y projektant wn\u0119trz. Wybieranie odpowiednich mebli, dekoracji oraz dopasowanych do charakteru ca\u0142ego wn\u0119trza tkanin i materia\u0142\u00f3w pozwala na realizacj\u0119 swoich artystycznych marze\u0144. Jest to zadanie ekscytuj\u0105ce, ale nie mo\u017cna zapomina\u0107 o wyposa\u017ceniu salonu w rolety oraz zas\u0142ony. Niezb\u0119dne w tym celu jest zastosowanie specjalnych szyn. Z\u0105bki s\u0105 miastem, w kt\u00f3rym dost\u0119pno\u015b\u0107 takich produkt\u00f3w jest szeroka, dlatego warto si\u0119 ni\u0105 zainteresowa\u0107. <\/p>\n<h2><a id=\"_tgm9iet8wms7\"><\/a>Nowoczesne szyny Z\u0105bki &#8211; stylowe zas\u0142ony w salonie <\/h2>\n<p>Dlaczego w\u0142a\u015bciciele mieszka\u0144 zazwyczaj bardzo du\u017co czasu i uwagi po\u015bwi\u0119caj\u0105 wyposa\u017ceniu salonu? Oczywi\u015bcie ze wzgl\u0119d\u00f3w estetycznych, poniewa\u017c pi\u0119knie urz\u0105dzony salon wr\u0119cz zach\u0119ca do sp\u0119dzania w nim czasu. Uwag\u0119 zwracaj\u0105 nie tylko komfortowe meble, na kt\u00f3rych mo\u017cna odpocz\u0105\u0107, ale tak\u017ce klimatyczne zas\u0142ony. Wa\u017cny jest wyb\u00f3r materia\u0142u, z jakiego s\u0105 one uszyte. Naczelna zasada jest taka, \u017ce im wi\u0119cej ostrego \u015bwiat\u0142a s\u0142onecznego mo\u017ce wpada\u0107 do pomieszczenia, tym grubszy materia\u0142 mo\u017cna zawiesi\u0107 na szynach. Z\u0105bki to miasto, w kt\u00f3rym wytwarzane s\u0105 elementy monta\u017cowe, dzi\u0119ki kt\u00f3rym mo\u017cliwe jest umieszczenie zas\u0142on na w\u0142a\u015bciwym miejscu. Dobra zas\u0142ona to przecie\u017c podstawa wyposa\u017cenia ka\u017cdego salonu, stwarzaj\u0105ca domowy, komfortowy klimat. Obecnie zas\u0142ony wykonuje si\u0119 z r\u00f3\u017cnych materia\u0142\u00f3w, w zale\u017cno\u015bci od tego, jak bardzo przepuszczalne maj\u0105 one by\u0107. Na szynach w Z\u0105bkach mo\u017cesz powiesi\u0107 pi\u0119kne zas\u0142ony wykonane z bawe\u0142ny, poliestru lub p\u0142\u00f3tna. We wn\u0119trzach urz\u0105dzonych w nieco bardziej arystokratycznym stylu, \u015bwietnie sprawdzaj\u0105 si\u0119 aksamitne zas\u0142ony. Natomiast udekorowanie salonu w klimacie boho doskonale sprzyja wykorzystaniu zas\u0142on wykonanych z lnu. <\/p>\n<h2><a id=\"_zgyxfolpwocu\"><\/a>Lekkie firany na wytrzyma\u0142e szyny &#8211; Z\u0105bki <\/h2>\n<p>Podczas dekorowania salonu nale\u017cy pami\u0119ta\u0107 o obowi\u0105zuj\u0105cych zale\u017cno\u015bciach kolorystycznych. Wszystkie elementy znajduj\u0105ce si\u0119 w tym pomieszczeniu musz\u0105 do siebie pasowa\u0107. Oczywi\u015bcie niewskazane jest utrzymywanie tylko jednego koloru &#8211; to prosty przepis na dotkliw\u0105 nud\u0119 w wystroju wn\u0119trz. Dobrze jest jednak utrzymywa\u0107 si\u0119 w grupie podobnych odcieni. Taka zasada sprawia, \u017ce ka\u017cdy element wyposa\u017cenia salonu doskonale do siebie pasuje. Dobrym sposobem na prze\u0142amanie i wprowadzenie do pokoju dziennego nieco \u015bwiat\u0142a i lekko\u015bci jest zawieszenie firan. Wbrew pozorom nie s\u0105 one reliktem przesz\u0142o\u015bci &#8211; od\u015bwie\u017cone pod wzgl\u0119dem estetycznym firanki mo\u017cna zawiesi\u0107 na szynach. W Z\u0105bkach kupisz wytrzyma\u0142e szyny, utrzymuj\u0105ce zar\u00f3wno ci\u0119\u017csze zas\u0142ony, jak i lekkie firanki. Podczas dekorowania salonu na nowo staraj si\u0119 zachowa\u0107 pewn\u0105 prawid\u0142owo\u015b\u0107. Wybieraj\u0105c ci\u0119\u017ckie, d\u0142ugie zas\u0142ony, pami\u0119taj o zr\u00f3wnowa\u017ceniu ich lekkimi firanami. Jednocze\u015bnie dobrze jest zachowa\u0107 podobn\u0105 d\u0142ugo\u015b\u0107, poniewa\u017c zapobiega to wyst\u0119powaniu dysproporcji. Po\u0142\u0105czenie firan z zas\u0142onami raczej wyklucza wyb\u00f3r bogato zdobionych tkanin, z uwagi na ryzyko wyst\u0105pienia tandetnego efektu zwi\u0105zanego z przesytem wzornictwa. Pami\u0119taj &#8211; mniej znaczy wi\u0119cej, szczeg\u00f3lnie w wystroju wn\u0119trz. <\/p>\n","protected":false},"excerpt":{"rendered":"<p>Dekorowanie salonu to zadanie, w kt\u00f3rym mo\u017ce spe\u0142ni\u0107 si\u0119 ka\u017cdy niedosz\u0142y projektant wn\u0119trz. Wybieranie odpowiednich mebli, dekoracji oraz dopasowanych do charakteru ca\u0142ego wn\u0119trza tkanin i materia\u0142\u00f3w pozwala na realizacj\u0119 swoich&#8230;<\/p>\n","protected":false},"author":1,"featured_media":118,"comment_status":"closed","ping_status":"closed","sticky":false,"template":"","format":"standard","meta":{"footnotes":""},"categories":[1],"tags":[],"class_list":["post-119","post","type-post","status-publish","format-standard","has-post-thumbnail","hentry","category-bez-kategorii"],"yoast_head":"<!-- This site is optimized with the Yoast SEO plugin v27.4 - https:\/\/yoast.com\/product\/yoast-seo-wordpress\/ -->\n<title>Jak udekorowa\u0107 salon? - wybierzmyrazem.pl<\/title>\n<meta name=\"robots\" content=\"index, follow, max-snippet:-1, max-image-preview:large, max-video-preview:-1\" \/>\n<link rel=\"canonical\" href=\"https:\/\/www.wybierzmyrazem.pl\/index.php\/2022\/11\/09\/jak-udekorowac-salon\/\" \/>\n<meta property=\"og:locale\" content=\"pl_PL\" \/>\n<meta property=\"og:type\" content=\"article\" \/>\n<meta property=\"og:title\" content=\"Jak udekorowa\u0107 salon? - wybierzmyrazem.pl\" \/>\n<meta property=\"og:description\" content=\"Dekorowanie salonu to zadanie, w kt\u00f3rym mo\u017ce spe\u0142ni\u0107 si\u0119 ka\u017cdy niedosz\u0142y projektant wn\u0119trz. Wybieranie odpowiednich mebli, dekoracji oraz dopasowanych do charakteru ca\u0142ego wn\u0119trza tkanin i materia\u0142\u00f3w pozwala na realizacj\u0119 swoich...\" \/>\n<meta property=\"og:url\" content=\"https:\/\/www.wybierzmyrazem.pl\/index.php\/2022\/11\/09\/jak-udekorowac-salon\/\" \/>\n<meta property=\"og:site_name\" content=\"wybierzmyrazem.pl\" \/>\n<meta property=\"article:published_time\" content=\"2022-11-09T15:30:45+00:00\" \/>\n<meta property=\"article:modified_time\" content=\"2025-04-01T00:55:29+00:00\" \/>\n<meta property=\"og:image\" content=\"https:\/\/www.wybierzmyrazem.pl\/wp-content\/uploads\/2022\/11\/g94860e931ef184b065c762069cdf08e5d72f62532bba22429219cae2f49056856eb7d3e91ac16e082b97eabfcdcc434972bfa27761bbafcb58e04d838792284c_1280.jpg\" \/>\n\t<meta property=\"og:image:width\" content=\"1280\" \/>\n\t<meta property=\"og:image:height\" content=\"853\" \/>\n\t<meta property=\"og:image:type\" content=\"image\/jpeg\" \/>\n<meta name=\"author\" content=\"dev5e2\" \/>\n<meta name=\"twitter:card\" content=\"summary_large_image\" \/>\n<meta name=\"twitter:label1\" content=\"Napisane przez\" \/>\n\t<meta name=\"twitter:data1\" content=\"dev5e2\" \/>\n\t<meta name=\"twitter:label2\" content=\"Szacowany czas czytania\" \/>\n\t<meta name=\"twitter:data2\" content=\"3 minuty\" \/>\n<script type=\"application\/ld+json\" class=\"yoast-schema-graph\">{\"@context\":\"https:\\\/\\\/schema.org\",\"@graph\":[{\"@type\":\"Article\",\"@id\":\"https:\\\/\\\/www.wybierzmyrazem.pl\\\/index.php\\\/2022\\\/11\\\/09\\\/jak-udekorowac-salon\\\/#article\",\"isPartOf\":{\"@id\":\"https:\\\/\\\/www.wybierzmyrazem.pl\\\/index.php\\\/2022\\\/11\\\/09\\\/jak-udekorowac-salon\\\/\"},\"author\":{\"name\":\"dev5e2\",\"@id\":\"https:\\\/\\\/www.wybierzmyrazem.pl\\\/#\\\/schema\\\/person\\\/63c38787c47f7fdd6991c64a3736de08\"},\"headline\":\"Jak udekorowa\u0107 salon?\",\"datePublished\":\"2022-11-09T15:30:45+00:00\",\"dateModified\":\"2025-04-01T00:55:29+00:00\",\"mainEntityOfPage\":{\"@id\":\"https:\\\/\\\/www.wybierzmyrazem.pl\\\/index.php\\\/2022\\\/11\\\/09\\\/jak-udekorowac-salon\\\/\"},\"wordCount\":533,\"publisher\":{\"@id\":\"https:\\\/\\\/www.wybierzmyrazem.pl\\\/#organization\"},\"image\":{\"@id\":\"https:\\\/\\\/www.wybierzmyrazem.pl\\\/index.php\\\/2022\\\/11\\\/09\\\/jak-udekorowac-salon\\\/#primaryimage\"},\"thumbnailUrl\":\"https:\\\/\\\/www.wybierzmyrazem.pl\\\/wp-content\\\/uploads\\\/2022\\\/11\\\/g94860e931ef184b065c762069cdf08e5d72f62532bba22429219cae2f49056856eb7d3e91ac16e082b97eabfcdcc434972bfa27761bbafcb58e04d838792284c_1280.jpg\",\"inLanguage\":\"pl-PL\"},{\"@type\":\"WebPage\",\"@id\":\"https:\\\/\\\/www.wybierzmyrazem.pl\\\/index.php\\\/2022\\\/11\\\/09\\\/jak-udekorowac-salon\\\/\",\"url\":\"https:\\\/\\\/www.wybierzmyrazem.pl\\\/index.php\\\/2022\\\/11\\\/09\\\/jak-udekorowac-salon\\\/\",\"name\":\"Jak udekorowa\u0107 salon? - wybierzmyrazem.pl\",\"isPartOf\":{\"@id\":\"https:\\\/\\\/www.wybierzmyrazem.pl\\\/#website\"},\"primaryImageOfPage\":{\"@id\":\"https:\\\/\\\/www.wybierzmyrazem.pl\\\/index.php\\\/2022\\\/11\\\/09\\\/jak-udekorowac-salon\\\/#primaryimage\"},\"image\":{\"@id\":\"https:\\\/\\\/www.wybierzmyrazem.pl\\\/index.php\\\/2022\\\/11\\\/09\\\/jak-udekorowac-salon\\\/#primaryimage\"},\"thumbnailUrl\":\"https:\\\/\\\/www.wybierzmyrazem.pl\\\/wp-content\\\/uploads\\\/2022\\\/11\\\/g94860e931ef184b065c762069cdf08e5d72f62532bba22429219cae2f49056856eb7d3e91ac16e082b97eabfcdcc434972bfa27761bbafcb58e04d838792284c_1280.jpg\",\"datePublished\":\"2022-11-09T15:30:45+00:00\",\"dateModified\":\"2025-04-01T00:55:29+00:00\",\"breadcrumb\":{\"@id\":\"https:\\\/\\\/www.wybierzmyrazem.pl\\\/index.php\\\/2022\\\/11\\\/09\\\/jak-udekorowac-salon\\\/#breadcrumb\"},\"inLanguage\":\"pl-PL\",\"potentialAction\":[{\"@type\":\"ReadAction\",\"target\":[\"https:\\\/\\\/www.wybierzmyrazem.pl\\\/index.php\\\/2022\\\/11\\\/09\\\/jak-udekorowac-salon\\\/\"]}]},{\"@type\":\"ImageObject\",\"inLanguage\":\"pl-PL\",\"@id\":\"https:\\\/\\\/www.wybierzmyrazem.pl\\\/index.php\\\/2022\\\/11\\\/09\\\/jak-udekorowac-salon\\\/#primaryimage\",\"url\":\"https:\\\/\\\/www.wybierzmyrazem.pl\\\/wp-content\\\/uploads\\\/2022\\\/11\\\/g94860e931ef184b065c762069cdf08e5d72f62532bba22429219cae2f49056856eb7d3e91ac16e082b97eabfcdcc434972bfa27761bbafcb58e04d838792284c_1280.jpg\",\"contentUrl\":\"https:\\\/\\\/www.wybierzmyrazem.pl\\\/wp-content\\\/uploads\\\/2022\\\/11\\\/g94860e931ef184b065c762069cdf08e5d72f62532bba22429219cae2f49056856eb7d3e91ac16e082b97eabfcdcc434972bfa27761bbafcb58e04d838792284c_1280.jpg\",\"width\":1280,\"height\":853,\"caption\":\"salon\"},{\"@type\":\"BreadcrumbList\",\"@id\":\"https:\\\/\\\/www.wybierzmyrazem.pl\\\/index.php\\\/2022\\\/11\\\/09\\\/jak-udekorowac-salon\\\/#breadcrumb\",\"itemListElement\":[{\"@type\":\"ListItem\",\"position\":1,\"name\":\"Strona g\u0142\u00f3wna\",\"item\":\"https:\\\/\\\/www.wybierzmyrazem.pl\\\/\"},{\"@type\":\"ListItem\",\"position\":2,\"name\":\"Jak udekorowa\u0107 salon?\"}]},{\"@type\":\"WebSite\",\"@id\":\"https:\\\/\\\/www.wybierzmyrazem.pl\\\/#website\",\"url\":\"https:\\\/\\\/www.wybierzmyrazem.pl\\\/\",\"name\":\"wybierzmyrazem.pl\",\"description\":\"Tw\u00f3j ulubiony blog!\",\"publisher\":{\"@id\":\"https:\\\/\\\/www.wybierzmyrazem.pl\\\/#organization\"},\"potentialAction\":[{\"@type\":\"SearchAction\",\"target\":{\"@type\":\"EntryPoint\",\"urlTemplate\":\"https:\\\/\\\/www.wybierzmyrazem.pl\\\/?s={search_term_string}\"},\"query-input\":{\"@type\":\"PropertyValueSpecification\",\"valueRequired\":true,\"valueName\":\"search_term_string\"}}],\"inLanguage\":\"pl-PL\"},{\"@type\":\"Organization\",\"@id\":\"https:\\\/\\\/www.wybierzmyrazem.pl\\\/#organization\",\"name\":\"wybierzmyrazem.pl\",\"url\":\"https:\\\/\\\/www.wybierzmyrazem.pl\\\/\",\"logo\":{\"@type\":\"ImageObject\",\"inLanguage\":\"pl-PL\",\"@id\":\"https:\\\/\\\/www.wybierzmyrazem.pl\\\/#\\\/schema\\\/logo\\\/image\\\/\",\"url\":\"https:\\\/\\\/www.wybierzmyrazem.pl\\\/wp-content\\\/uploads\\\/2022\\\/05\\\/Screenshot.png\",\"contentUrl\":\"https:\\\/\\\/www.wybierzmyrazem.pl\\\/wp-content\\\/uploads\\\/2022\\\/05\\\/Screenshot.png\",\"width\":321,\"height\":243,\"caption\":\"wybierzmyrazem.pl\"},\"image\":{\"@id\":\"https:\\\/\\\/www.wybierzmyrazem.pl\\\/#\\\/schema\\\/logo\\\/image\\\/\"}},{\"@type\":\"Person\",\"@id\":\"https:\\\/\\\/www.wybierzmyrazem.pl\\\/#\\\/schema\\\/person\\\/63c38787c47f7fdd6991c64a3736de08\",\"name\":\"dev5e2\",\"image\":{\"@type\":\"ImageObject\",\"inLanguage\":\"pl-PL\",\"@id\":\"https:\\\/\\\/secure.gravatar.com\\\/avatar\\\/074e977b919a27539450977a304f65b9a1233c5635db562dd184870dbba1fbc0?s=96&d=mm&r=g\",\"url\":\"https:\\\/\\\/secure.gravatar.com\\\/avatar\\\/074e977b919a27539450977a304f65b9a1233c5635db562dd184870dbba1fbc0?s=96&d=mm&r=g\",\"contentUrl\":\"https:\\\/\\\/secure.gravatar.com\\\/avatar\\\/074e977b919a27539450977a304f65b9a1233c5635db562dd184870dbba1fbc0?s=96&d=mm&r=g\",\"caption\":\"dev5e2\"},\"sameAs\":[\"http:\\\/\\\/wybierzmyrazem.pl\"]}]}<\/script>\n<!-- \/ Yoast SEO plugin. -->","yoast_head_json":{"title":"Jak udekorowa\u0107 salon? - wybierzmyrazem.pl","robots":{"index":"index","follow":"follow","max-snippet":"max-snippet:-1","max-image-preview":"max-image-preview:large","max-video-preview":"max-video-preview:-1"},"canonical":"https:\/\/www.wybierzmyrazem.pl\/index.php\/2022\/11\/09\/jak-udekorowac-salon\/","og_locale":"pl_PL","og_type":"article","og_title":"Jak udekorowa\u0107 salon? - wybierzmyrazem.pl","og_description":"Dekorowanie salonu to zadanie, w kt\u00f3rym mo\u017ce spe\u0142ni\u0107 si\u0119 ka\u017cdy niedosz\u0142y projektant wn\u0119trz. Wybieranie odpowiednich mebli, dekoracji oraz dopasowanych do charakteru ca\u0142ego wn\u0119trza tkanin i materia\u0142\u00f3w pozwala na realizacj\u0119 swoich...","og_url":"https:\/\/www.wybierzmyrazem.pl\/index.php\/2022\/11\/09\/jak-udekorowac-salon\/","og_site_name":"wybierzmyrazem.pl","article_published_time":"2022-11-09T15:30:45+00:00","article_modified_time":"2025-04-01T00:55:29+00:00","og_image":[{"width":1280,"height":853,"url":"https:\/\/www.wybierzmyrazem.pl\/wp-content\/uploads\/2022\/11\/g94860e931ef184b065c762069cdf08e5d72f62532bba22429219cae2f49056856eb7d3e91ac16e082b97eabfcdcc434972bfa27761bbafcb58e04d838792284c_1280.jpg","type":"image\/jpeg"}],"author":"dev5e2","twitter_card":"summary_large_image","twitter_misc":{"Napisane przez":"dev5e2","Szacowany czas czytania":"3 minuty"},"schema":{"@context":"https:\/\/schema.org","@graph":[{"@type":"Article","@id":"https:\/\/www.wybierzmyrazem.pl\/index.php\/2022\/11\/09\/jak-udekorowac-salon\/#article","isPartOf":{"@id":"https:\/\/www.wybierzmyrazem.pl\/index.php\/2022\/11\/09\/jak-udekorowac-salon\/"},"author":{"name":"dev5e2","@id":"https:\/\/www.wybierzmyrazem.pl\/#\/schema\/person\/63c38787c47f7fdd6991c64a3736de08"},"headline":"Jak udekorowa\u0107 salon?","datePublished":"2022-11-09T15:30:45+00:00","dateModified":"2025-04-01T00:55:29+00:00","mainEntityOfPage":{"@id":"https:\/\/www.wybierzmyrazem.pl\/index.php\/2022\/11\/09\/jak-udekorowac-salon\/"},"wordCount":533,"publisher":{"@id":"https:\/\/www.wybierzmyrazem.pl\/#organization"},"image":{"@id":"https:\/\/www.wybierzmyrazem.pl\/index.php\/2022\/11\/09\/jak-udekorowac-salon\/#primaryimage"},"thumbnailUrl":"https:\/\/www.wybierzmyrazem.pl\/wp-content\/uploads\/2022\/11\/g94860e931ef184b065c762069cdf08e5d72f62532bba22429219cae2f49056856eb7d3e91ac16e082b97eabfcdcc434972bfa27761bbafcb58e04d838792284c_1280.jpg","inLanguage":"pl-PL"},{"@type":"WebPage","@id":"https:\/\/www.wybierzmyrazem.pl\/index.php\/2022\/11\/09\/jak-udekorowac-salon\/","url":"https:\/\/www.wybierzmyrazem.pl\/index.php\/2022\/11\/09\/jak-udekorowac-salon\/","name":"Jak udekorowa\u0107 salon? - wybierzmyrazem.pl","isPartOf":{"@id":"https:\/\/www.wybierzmyrazem.pl\/#website"},"primaryImageOfPage":{"@id":"https:\/\/www.wybierzmyrazem.pl\/index.php\/2022\/11\/09\/jak-udekorowac-salon\/#primaryimage"},"image":{"@id":"https:\/\/www.wybierzmyrazem.pl\/index.php\/2022\/11\/09\/jak-udekorowac-salon\/#primaryimage"},"thumbnailUrl":"https:\/\/www.wybierzmyrazem.pl\/wp-content\/uploads\/2022\/11\/g94860e931ef184b065c762069cdf08e5d72f62532bba22429219cae2f49056856eb7d3e91ac16e082b97eabfcdcc434972bfa27761bbafcb58e04d838792284c_1280.jpg","datePublished":"2022-11-09T15:30:45+00:00","dateModified":"2025-04-01T00:55:29+00:00","breadcrumb":{"@id":"https:\/\/www.wybierzmyrazem.pl\/index.php\/2022\/11\/09\/jak-udekorowac-salon\/#breadcrumb"},"inLanguage":"pl-PL","potentialAction":[{"@type":"ReadAction","target":["https:\/\/www.wybierzmyrazem.pl\/index.php\/2022\/11\/09\/jak-udekorowac-salon\/"]}]},{"@type":"ImageObject","inLanguage":"pl-PL","@id":"https:\/\/www.wybierzmyrazem.pl\/index.php\/2022\/11\/09\/jak-udekorowac-salon\/#primaryimage","url":"https:\/\/www.wybierzmyrazem.pl\/wp-content\/uploads\/2022\/11\/g94860e931ef184b065c762069cdf08e5d72f62532bba22429219cae2f49056856eb7d3e91ac16e082b97eabfcdcc434972bfa27761bbafcb58e04d838792284c_1280.jpg","contentUrl":"https:\/\/www.wybierzmyrazem.pl\/wp-content\/uploads\/2022\/11\/g94860e931ef184b065c762069cdf08e5d72f62532bba22429219cae2f49056856eb7d3e91ac16e082b97eabfcdcc434972bfa27761bbafcb58e04d838792284c_1280.jpg","width":1280,"height":853,"caption":"salon"},{"@type":"BreadcrumbList","@id":"https:\/\/www.wybierzmyrazem.pl\/index.php\/2022\/11\/09\/jak-udekorowac-salon\/#breadcrumb","itemListElement":[{"@type":"ListItem","position":1,"name":"Strona g\u0142\u00f3wna","item":"https:\/\/www.wybierzmyrazem.pl\/"},{"@type":"ListItem","position":2,"name":"Jak udekorowa\u0107 salon?"}]},{"@type":"WebSite","@id":"https:\/\/www.wybierzmyrazem.pl\/#website","url":"https:\/\/www.wybierzmyrazem.pl\/","name":"wybierzmyrazem.pl","description":"Tw\u00f3j ulubiony blog!","publisher":{"@id":"https:\/\/www.wybierzmyrazem.pl\/#organization"},"potentialAction":[{"@type":"SearchAction","target":{"@type":"EntryPoint","urlTemplate":"https:\/\/www.wybierzmyrazem.pl\/?s={search_term_string}"},"query-input":{"@type":"PropertyValueSpecification","valueRequired":true,"valueName":"search_term_string"}}],"inLanguage":"pl-PL"},{"@type":"Organization","@id":"https:\/\/www.wybierzmyrazem.pl\/#organization","name":"wybierzmyrazem.pl","url":"https:\/\/www.wybierzmyrazem.pl\/","logo":{"@type":"ImageObject","inLanguage":"pl-PL","@id":"https:\/\/www.wybierzmyrazem.pl\/#\/schema\/logo\/image\/","url":"https:\/\/www.wybierzmyrazem.pl\/wp-content\/uploads\/2022\/05\/Screenshot.png","contentUrl":"https:\/\/www.wybierzmyrazem.pl\/wp-content\/uploads\/2022\/05\/Screenshot.png","width":321,"height":243,"caption":"wybierzmyrazem.pl"},"image":{"@id":"https:\/\/www.wybierzmyrazem.pl\/#\/schema\/logo\/image\/"}},{"@type":"Person","@id":"https:\/\/www.wybierzmyrazem.pl\/#\/schema\/person\/63c38787c47f7fdd6991c64a3736de08","name":"dev5e2","image":{"@type":"ImageObject","inLanguage":"pl-PL","@id":"https:\/\/secure.gravatar.com\/avatar\/074e977b919a27539450977a304f65b9a1233c5635db562dd184870dbba1fbc0?s=96&d=mm&r=g","url":"https:\/\/secure.gravatar.com\/avatar\/074e977b919a27539450977a304f65b9a1233c5635db562dd184870dbba1fbc0?s=96&d=mm&r=g","contentUrl":"https:\/\/secure.gravatar.com\/avatar\/074e977b919a27539450977a304f65b9a1233c5635db562dd184870dbba1fbc0?s=96&d=mm&r=g","caption":"dev5e2"},"sameAs":["http:\/\/wybierzmyrazem.pl"]}]}},"_links":{"self":[{"href":"https:\/\/www.wybierzmyrazem.pl\/index.php\/wp-json\/wp\/v2\/posts\/119","targetHints":{"allow":["GET"]}}],"collection":[{"href":"https:\/\/www.wybierzmyrazem.pl\/index.php\/wp-json\/wp\/v2\/posts"}],"about":[{"href":"https:\/\/www.wybierzmyrazem.pl\/index.php\/wp-json\/wp\/v2\/types\/post"}],"author":[{"embeddable":true,"href":"https:\/\/www.wybierzmyrazem.pl\/index.php\/wp-json\/wp\/v2\/users\/1"}],"replies":[{"embeddable":true,"href":"https:\/\/www.wybierzmyrazem.pl\/index.php\/wp-json\/wp\/v2\/comments?post=119"}],"version-history":[{"count":1,"href":"https:\/\/www.wybierzmyrazem.pl\/index.php\/wp-json\/wp\/v2\/posts\/119\/revisions"}],"predecessor-version":[{"id":1285,"href":"https:\/\/www.wybierzmyrazem.pl\/index.php\/wp-json\/wp\/v2\/posts\/119\/revisions\/1285"}],"wp:featuredmedia":[{"embeddable":true,"href":"https:\/\/www.wybierzmyrazem.pl\/index.php\/wp-json\/wp\/v2\/media\/118"}],"wp:attachment":[{"href":"https:\/\/www.wybierzmyrazem.pl\/index.php\/wp-json\/wp\/v2\/media?parent=119"}],"wp:term":[{"taxonomy":"category","embeddable":true,"href":"https:\/\/www.wybierzmyrazem.pl\/index.php\/wp-json\/wp\/v2\/categories?post=119"},{"taxonomy":"post_tag","embeddable":true,"href":"https:\/\/www.wybierzmyrazem.pl\/index.php\/wp-json\/wp\/v2\/tags?post=119"}],"curies":[{"name":"wp","href":"https:\/\/api.w.org\/{rel}","templated":true}]}}