{"id":127,"date":"2022-11-03T16:30:45","date_gmt":"2022-11-03T15:30:45","guid":{"rendered":"https:\/\/www.wybierzmyrazem.pl\/index.php\/2022\/11\/03\/jak-wybrac-stol-do-salonu-praktyczne-wskazowki\/"},"modified":"2023-05-15T14:34:29","modified_gmt":"2023-05-15T12:34:29","slug":"jak-wybrac-stol-do-salonu-praktyczne-wskazowki","status":"publish","type":"post","link":"https:\/\/www.wybierzmyrazem.pl\/index.php\/2022\/11\/03\/jak-wybrac-stol-do-salonu-praktyczne-wskazowki\/","title":{"rendered":"Jak wybra\u0107 st\u00f3\u0142 do salonu? Praktyczne wskaz\u00f3wki"},"content":{"rendered":"\n<p>Wygl\u0105d w przypadku sto\u0142u do salonu to nie wszystko powinni\u015bmy zwr\u00f3ci\u0107 r\u00f3wnie\u017c uwag\u0119 w tym przypadku na inne wa\u017cne aspekty, gdy\u017c jest to cz\u0119sto inwestycja, kt\u00f3ra do najta\u0144szych nie nale\u017cy. Dodatkowo mebel ten wymienia si\u0119 raz na kilka, kilkana\u015bcie lat. St\u00f3\u0142 jadalniany, je\u015bli chcemy, aby spe\u0142nia\u0142 swoje funkcje, to nale\u017cy dopasowa\u0107 go do wielko\u015bci pomieszczenia, w jakim b\u0119dzie si\u0119 znajdowa\u0142. Je\u015bli chcemy mie\u0107 pe\u0142ny wachlarz mo\u017cliwo\u015bci przy doborze owego produktu, to powinni\u015bmy pomy\u015ble\u0107 o po\u0142\u0105czeniu pokoju dziennego z jadalni\u0105. Na jakie aspekty powinni\u015bmy jeszcze zwr\u00f3ci\u0107 uwag\u0119? Podpowiadamy!<\/p>\n\n\n\n<h2 class=\"wp-block-heading\"><a id=\"_heading=h.o451rwhr9qr4\"><\/a>Jak wybra\u0107 st\u00f3\u0142 do salonu?<\/h2>\n\n\n\n<p>Jak dobra\u0107 st\u00f3\u0142 do salonu to pytanie zadaje sobie ka\u017cdy z nas. Nie da si\u0119 jednak ukry\u0107, \u017ce kolejne osoby decyduj\u0105c si\u0119 na zakup sto\u0142u do salonu, powielaj\u0105 jeden bardzo ra\u017c\u0105cy b\u0142\u0105d. Mianowicie dobrany przez nich produkt nie ma wymaganych, odpowiednich wymiar\u00f3w. Warto wi\u0119c wcze\u015bniej wyznaczy\u0107 miejsce, w kt\u00f3rym b\u0119dzie znajdowa\u0107 si\u0119 taki mebel, a nast\u0119pnie zmierzy\u0107 ca\u0142o\u015b\u0107 i zapisa\u0107 na kartce lub ewentualnie w telefonie odpowiednie warto\u015bci. Nie mo\u017cemy r\u00f3wnie\u017c zapomnie\u0107 o dodatkowych centymetrach na krzes\u0142a oraz w\u0119ze\u0142 komunikacyjny tak, aby dane osoby mog\u0142y swobodnie przej\u015b\u0107 ko\u0142o sto\u0142u. Wp\u0142yw na funkcjonalno\u015b\u0107 w kontek\u015bcie sto\u0142u do salonu ma bez w\u0105tpienia jego rozmiar. Idealne modele maj\u0105 najcz\u0119\u015bciej oko\u0142o 75 cm wysoko\u015bci, a osoba siedz\u0105ca ma do dyspozycji co najmniej 60 cm szeroko\u015bci i blat, kt\u00f3ry ma g\u0142\u0119boko\u015b\u0107 od 35 do 40 cm. Taki st\u00f3\u0142 jest nam w stanie pozwoli\u0107 na swobodne wsuwanie i wysuwanie krzese\u0142.<\/p>\n\n\n\n<h2 class=\"wp-block-heading\"><a id=\"_heading=h.vlf9cc1ep05c\"><\/a>St\u00f3\u0142 do salonu a kszta\u0142t blatu<\/h2>\n\n\n\n<p>Kolejn\u0105 kwesti\u0105 jest kszta\u0142t samego blatu. Na rynku spotkamy szerok\u0105 gam\u0119 marek wn\u0119trzarskich, kt\u00f3re w swojej ofercie maj\u0105 sto\u0142y do salonu w rozmaitych formach oraz rozmiarach. W\u015br\u00f3d nich na popularno\u015bci zyskuj\u0105 sto\u0142y drewniane do salonu oraz nowoczesne sto\u0142y do salonu maj\u0105ce okr\u0105g\u0142y kszta\u0142t. Spotkamy zar\u00f3wno modele z czteroma n\u00f3\u017ckami, jak i takie z jedn\u0105 nog\u0105, a tak\u017ce i nawet sk\u0142adane warianty. Na jaki wariant powinni\u015bmy wi\u0119c postawi\u0107? Odpowied\u017a zale\u017cna jest od dw\u00f3ch g\u0142\u00f3wnych aspekt\u00f3w, jakimi s\u0105: ilo\u015b\u0107 miejsca oraz bud\u017cet, jaki mo\u017cemy przeznaczy\u0107 na zakup owego produktu. Sto\u0142y okr\u0105g\u0142e ze wzgl\u0119du na op\u0142ywowy kszta\u0142t wydaj\u0105 si\u0119 by\u0107 wizualnie nieco l\u017cejsze. Jednak mimo wszystko mebel z prostok\u0105tnym blatem nie sprawiaj\u0105 problemu pod k\u0105tem ustawienia. Dodatkowo \u015bredniej wielko\u015bci 6-osobowy st\u00f3\u0142 zajmuje zaledwie oko\u0142o 6 mkw powierzchni.<\/p>\n\n\n\n<h2 class=\"wp-block-heading\"><a id=\"_heading=h.j1wx1uoj0kwz\"><\/a>St\u00f3\u0142 do salonu \u2013 drewno czy szk\u0142o?<\/h2>\n\n\n\n<p>Funkcjonalno\u015b\u0107 w tym przypadku pe\u0142ni rol\u0119 g\u0142\u00f3wnego, najwa\u017cniejszego czynnika, na jaki bez dw\u00f3ch zda\u0144 powinni\u015bmy postawi\u0107 jednak dobrze, je\u015bli w parze za tym idzie tak\u017ce estetyczne pi\u0119kno. Co zatem powinni\u015bmy wzi\u0105\u0107 pod uwag\u0119 tak, aby konkretny model pasowa\u0142 do wystroju naszego salonu? Znaczenie tutaj ma materia\u0142 oraz kolorystyka. Je\u015bli pod\u0105\u017camy za trendami, ale jednocze\u015bnie nie chcemy zbyt cz\u0119sto powraca\u0107 do czynno\u015bci, jak\u0105 jest wyb\u00f3r sto\u0142u. To nale\u017cy zdecydowa\u0107 si\u0119 na ponadczasowe i klasyczne drewno. <a onclick=\"redirect(8)\" class=\"link-redirect 8\" style=\"cursor: pointer; color: blue;\"> Sto\u0142y pokojowe<\/a> z naturalnego drewna maj\u0105 przytulny charakter. \u015awietnie wi\u0119c wpasuj\u0105 si\u0119 w praktycznie ka\u017cdy styl, z jakim mo\u017cemy si\u0119 spotka\u0107.<\/p>\n\n\n\n<h2 class=\"wp-block-heading\"><a id=\"_heading=h.tmnw302rxv58\"><\/a>St\u00f3\u0142 do salonu a szk\u0142o akrylowe<\/h2>\n\n\n\n<p>Szk\u0142o akrylowe \u2013 inna nazwa polimetakrylan metylu. Jest to tworzywo sztuczne, kt\u00f3re pozyskuje si\u0119 poprzez proces, jakim jest polimeryzacja. Materia\u0142 ten odznacza si\u0119 dobrymi parametrami optycznymi i odporno\u015bciowymi na zarysowanie, dzi\u0119ki czemu uznawany jest za jeden z najlepszych zamiennik\u00f3w tradycyjnego szk\u0142a. P\u0142yty akrylowe maj\u0105 r\u00f3\u017cne grubo\u015bci, a tak\u017ce wyst\u0119puj\u0105 w wersji bezbarwnej, mlecznej, dymionej czy lustrzanej.<\/p>\n\n\n\n<p>P\u0142yty akrylowe ekstrudowane \u2013 produkuje si\u0119 je, korzystaj\u0105c z metody wytwarzania, jak\u0105 jest ustnik. Odznaczaj\u0105 si\u0119 one du\u017c\u0105 odporno\u015bci\u0105 na niekorzystne warunki atmosferyczne oraz nie p\u0119kaj\u0105, czy nie staj\u0105 si\u0119 gor\u0105ce od nadmiernego promieniowania s\u0142onecznego. P\u0142ytki akrylowe wylewne \u2013 produkuje si\u0119 je z u\u017cyciem metody wylewnej, wykorzystuj\u0105c do tego celu specjalne formy. Ich wyr\u00f3\u017cnikiem s\u0105 dobre parametry optyczne oraz wysoka odporno\u015b\u0107 na chemikalia.<\/p>\n","protected":false},"excerpt":{"rendered":"<p>Wygl\u0105d w przypadku sto\u0142u do salonu to nie wszystko powinni\u015bmy zwr\u00f3ci\u0107 r\u00f3wnie\u017c uwag\u0119 w tym przypadku na inne wa\u017cne aspekty, gdy\u017c jest to cz\u0119sto inwestycja, kt\u00f3ra do najta\u0144szych nie nale\u017cy&#8230;.<\/p>\n","protected":false},"author":1,"featured_media":126,"comment_status":"closed","ping_status":"closed","sticky":false,"template":"","format":"standard","meta":{"footnotes":""},"categories":[1],"tags":[],"class_list":["post-127","post","type-post","status-publish","format-standard","has-post-thumbnail","hentry","category-bez-kategorii"],"yoast_head":"<!-- This site is optimized with the Yoast SEO plugin v27.4 - https:\/\/yoast.com\/product\/yoast-seo-wordpress\/ -->\n<title>Jak wybra\u0107 st\u00f3\u0142 do salonu? Praktyczne wskaz\u00f3wki - wybierzmyrazem.pl<\/title>\n<meta name=\"robots\" content=\"index, follow, max-snippet:-1, max-image-preview:large, max-video-preview:-1\" \/>\n<link rel=\"canonical\" href=\"https:\/\/www.wybierzmyrazem.pl\/index.php\/2022\/11\/03\/jak-wybrac-stol-do-salonu-praktyczne-wskazowki\/\" \/>\n<meta property=\"og:locale\" content=\"pl_PL\" \/>\n<meta property=\"og:type\" content=\"article\" \/>\n<meta property=\"og:title\" content=\"Jak wybra\u0107 st\u00f3\u0142 do salonu? Praktyczne wskaz\u00f3wki - wybierzmyrazem.pl\" \/>\n<meta property=\"og:description\" content=\"Wygl\u0105d w przypadku sto\u0142u do salonu to nie wszystko powinni\u015bmy zwr\u00f3ci\u0107 r\u00f3wnie\u017c uwag\u0119 w tym przypadku na inne wa\u017cne aspekty, gdy\u017c jest to cz\u0119sto inwestycja, kt\u00f3ra do najta\u0144szych nie nale\u017cy....\" \/>\n<meta property=\"og:url\" content=\"https:\/\/www.wybierzmyrazem.pl\/index.php\/2022\/11\/03\/jak-wybrac-stol-do-salonu-praktyczne-wskazowki\/\" \/>\n<meta property=\"og:site_name\" content=\"wybierzmyrazem.pl\" \/>\n<meta property=\"article:published_time\" content=\"2022-11-03T15:30:45+00:00\" \/>\n<meta property=\"article:modified_time\" content=\"2023-05-15T12:34:29+00:00\" \/>\n<meta property=\"og:image\" content=\"https:\/\/www.wybierzmyrazem.pl\/wp-content\/uploads\/2022\/11\/g85b06cd38d71b2d302dfb0a16d62b776b5f1ee420c62a31a9c089c46842fef157d527c5762d00f6c5d4cb1cae5f0b616919e25d1949217737b617c18f37a4bbc_1280.jpg\" \/>\n\t<meta property=\"og:image:width\" content=\"1280\" \/>\n\t<meta property=\"og:image:height\" content=\"822\" \/>\n\t<meta property=\"og:image:type\" content=\"image\/jpeg\" \/>\n<meta name=\"author\" content=\"dev5e2\" \/>\n<meta name=\"twitter:card\" content=\"summary_large_image\" \/>\n<meta name=\"twitter:label1\" content=\"Napisane przez\" \/>\n\t<meta name=\"twitter:data1\" content=\"dev5e2\" \/>\n\t<meta name=\"twitter:label2\" content=\"Szacowany czas czytania\" \/>\n\t<meta name=\"twitter:data2\" content=\"4 minuty\" \/>\n<script type=\"application\/ld+json\" class=\"yoast-schema-graph\">{\"@context\":\"https:\\\/\\\/schema.org\",\"@graph\":[{\"@type\":\"Article\",\"@id\":\"https:\\\/\\\/www.wybierzmyrazem.pl\\\/index.php\\\/2022\\\/11\\\/03\\\/jak-wybrac-stol-do-salonu-praktyczne-wskazowki\\\/#article\",\"isPartOf\":{\"@id\":\"https:\\\/\\\/www.wybierzmyrazem.pl\\\/index.php\\\/2022\\\/11\\\/03\\\/jak-wybrac-stol-do-salonu-praktyczne-wskazowki\\\/\"},\"author\":{\"name\":\"dev5e2\",\"@id\":\"https:\\\/\\\/www.wybierzmyrazem.pl\\\/#\\\/schema\\\/person\\\/63c38787c47f7fdd6991c64a3736de08\"},\"headline\":\"Jak wybra\u0107 st\u00f3\u0142 do salonu? Praktyczne wskaz\u00f3wki\",\"datePublished\":\"2022-11-03T15:30:45+00:00\",\"dateModified\":\"2023-05-15T12:34:29+00:00\",\"mainEntityOfPage\":{\"@id\":\"https:\\\/\\\/www.wybierzmyrazem.pl\\\/index.php\\\/2022\\\/11\\\/03\\\/jak-wybrac-stol-do-salonu-praktyczne-wskazowki\\\/\"},\"wordCount\":729,\"publisher\":{\"@id\":\"https:\\\/\\\/www.wybierzmyrazem.pl\\\/#organization\"},\"image\":{\"@id\":\"https:\\\/\\\/www.wybierzmyrazem.pl\\\/index.php\\\/2022\\\/11\\\/03\\\/jak-wybrac-stol-do-salonu-praktyczne-wskazowki\\\/#primaryimage\"},\"thumbnailUrl\":\"https:\\\/\\\/www.wybierzmyrazem.pl\\\/wp-content\\\/uploads\\\/2022\\\/11\\\/g85b06cd38d71b2d302dfb0a16d62b776b5f1ee420c62a31a9c089c46842fef157d527c5762d00f6c5d4cb1cae5f0b616919e25d1949217737b617c18f37a4bbc_1280.jpg\",\"inLanguage\":\"pl-PL\"},{\"@type\":\"WebPage\",\"@id\":\"https:\\\/\\\/www.wybierzmyrazem.pl\\\/index.php\\\/2022\\\/11\\\/03\\\/jak-wybrac-stol-do-salonu-praktyczne-wskazowki\\\/\",\"url\":\"https:\\\/\\\/www.wybierzmyrazem.pl\\\/index.php\\\/2022\\\/11\\\/03\\\/jak-wybrac-stol-do-salonu-praktyczne-wskazowki\\\/\",\"name\":\"Jak wybra\u0107 st\u00f3\u0142 do salonu? Praktyczne wskaz\u00f3wki - wybierzmyrazem.pl\",\"isPartOf\":{\"@id\":\"https:\\\/\\\/www.wybierzmyrazem.pl\\\/#website\"},\"primaryImageOfPage\":{\"@id\":\"https:\\\/\\\/www.wybierzmyrazem.pl\\\/index.php\\\/2022\\\/11\\\/03\\\/jak-wybrac-stol-do-salonu-praktyczne-wskazowki\\\/#primaryimage\"},\"image\":{\"@id\":\"https:\\\/\\\/www.wybierzmyrazem.pl\\\/index.php\\\/2022\\\/11\\\/03\\\/jak-wybrac-stol-do-salonu-praktyczne-wskazowki\\\/#primaryimage\"},\"thumbnailUrl\":\"https:\\\/\\\/www.wybierzmyrazem.pl\\\/wp-content\\\/uploads\\\/2022\\\/11\\\/g85b06cd38d71b2d302dfb0a16d62b776b5f1ee420c62a31a9c089c46842fef157d527c5762d00f6c5d4cb1cae5f0b616919e25d1949217737b617c18f37a4bbc_1280.jpg\",\"datePublished\":\"2022-11-03T15:30:45+00:00\",\"dateModified\":\"2023-05-15T12:34:29+00:00\",\"breadcrumb\":{\"@id\":\"https:\\\/\\\/www.wybierzmyrazem.pl\\\/index.php\\\/2022\\\/11\\\/03\\\/jak-wybrac-stol-do-salonu-praktyczne-wskazowki\\\/#breadcrumb\"},\"inLanguage\":\"pl-PL\",\"potentialAction\":[{\"@type\":\"ReadAction\",\"target\":[\"https:\\\/\\\/www.wybierzmyrazem.pl\\\/index.php\\\/2022\\\/11\\\/03\\\/jak-wybrac-stol-do-salonu-praktyczne-wskazowki\\\/\"]}]},{\"@type\":\"ImageObject\",\"inLanguage\":\"pl-PL\",\"@id\":\"https:\\\/\\\/www.wybierzmyrazem.pl\\\/index.php\\\/2022\\\/11\\\/03\\\/jak-wybrac-stol-do-salonu-praktyczne-wskazowki\\\/#primaryimage\",\"url\":\"https:\\\/\\\/www.wybierzmyrazem.pl\\\/wp-content\\\/uploads\\\/2022\\\/11\\\/g85b06cd38d71b2d302dfb0a16d62b776b5f1ee420c62a31a9c089c46842fef157d527c5762d00f6c5d4cb1cae5f0b616919e25d1949217737b617c18f37a4bbc_1280.jpg\",\"contentUrl\":\"https:\\\/\\\/www.wybierzmyrazem.pl\\\/wp-content\\\/uploads\\\/2022\\\/11\\\/g85b06cd38d71b2d302dfb0a16d62b776b5f1ee420c62a31a9c089c46842fef157d527c5762d00f6c5d4cb1cae5f0b616919e25d1949217737b617c18f37a4bbc_1280.jpg\",\"width\":1280,\"height\":822,\"caption\":\"st\u00f3\u0142\"},{\"@type\":\"BreadcrumbList\",\"@id\":\"https:\\\/\\\/www.wybierzmyrazem.pl\\\/index.php\\\/2022\\\/11\\\/03\\\/jak-wybrac-stol-do-salonu-praktyczne-wskazowki\\\/#breadcrumb\",\"itemListElement\":[{\"@type\":\"ListItem\",\"position\":1,\"name\":\"Strona g\u0142\u00f3wna\",\"item\":\"https:\\\/\\\/www.wybierzmyrazem.pl\\\/\"},{\"@type\":\"ListItem\",\"position\":2,\"name\":\"Jak wybra\u0107 st\u00f3\u0142 do salonu? Praktyczne wskaz\u00f3wki\"}]},{\"@type\":\"WebSite\",\"@id\":\"https:\\\/\\\/www.wybierzmyrazem.pl\\\/#website\",\"url\":\"https:\\\/\\\/www.wybierzmyrazem.pl\\\/\",\"name\":\"wybierzmyrazem.pl\",\"description\":\"Tw\u00f3j ulubiony blog!\",\"publisher\":{\"@id\":\"https:\\\/\\\/www.wybierzmyrazem.pl\\\/#organization\"},\"potentialAction\":[{\"@type\":\"SearchAction\",\"target\":{\"@type\":\"EntryPoint\",\"urlTemplate\":\"https:\\\/\\\/www.wybierzmyrazem.pl\\\/?s={search_term_string}\"},\"query-input\":{\"@type\":\"PropertyValueSpecification\",\"valueRequired\":true,\"valueName\":\"search_term_string\"}}],\"inLanguage\":\"pl-PL\"},{\"@type\":\"Organization\",\"@id\":\"https:\\\/\\\/www.wybierzmyrazem.pl\\\/#organization\",\"name\":\"wybierzmyrazem.pl\",\"url\":\"https:\\\/\\\/www.wybierzmyrazem.pl\\\/\",\"logo\":{\"@type\":\"ImageObject\",\"inLanguage\":\"pl-PL\",\"@id\":\"https:\\\/\\\/www.wybierzmyrazem.pl\\\/#\\\/schema\\\/logo\\\/image\\\/\",\"url\":\"https:\\\/\\\/www.wybierzmyrazem.pl\\\/wp-content\\\/uploads\\\/2022\\\/05\\\/Screenshot.png\",\"contentUrl\":\"https:\\\/\\\/www.wybierzmyrazem.pl\\\/wp-content\\\/uploads\\\/2022\\\/05\\\/Screenshot.png\",\"width\":321,\"height\":243,\"caption\":\"wybierzmyrazem.pl\"},\"image\":{\"@id\":\"https:\\\/\\\/www.wybierzmyrazem.pl\\\/#\\\/schema\\\/logo\\\/image\\\/\"}},{\"@type\":\"Person\",\"@id\":\"https:\\\/\\\/www.wybierzmyrazem.pl\\\/#\\\/schema\\\/person\\\/63c38787c47f7fdd6991c64a3736de08\",\"name\":\"dev5e2\",\"image\":{\"@type\":\"ImageObject\",\"inLanguage\":\"pl-PL\",\"@id\":\"https:\\\/\\\/secure.gravatar.com\\\/avatar\\\/074e977b919a27539450977a304f65b9a1233c5635db562dd184870dbba1fbc0?s=96&d=mm&r=g\",\"url\":\"https:\\\/\\\/secure.gravatar.com\\\/avatar\\\/074e977b919a27539450977a304f65b9a1233c5635db562dd184870dbba1fbc0?s=96&d=mm&r=g\",\"contentUrl\":\"https:\\\/\\\/secure.gravatar.com\\\/avatar\\\/074e977b919a27539450977a304f65b9a1233c5635db562dd184870dbba1fbc0?s=96&d=mm&r=g\",\"caption\":\"dev5e2\"},\"sameAs\":[\"http:\\\/\\\/wybierzmyrazem.pl\"]}]}<\/script>\n<!-- \/ Yoast SEO plugin. -->","yoast_head_json":{"title":"Jak wybra\u0107 st\u00f3\u0142 do salonu? Praktyczne wskaz\u00f3wki - wybierzmyrazem.pl","robots":{"index":"index","follow":"follow","max-snippet":"max-snippet:-1","max-image-preview":"max-image-preview:large","max-video-preview":"max-video-preview:-1"},"canonical":"https:\/\/www.wybierzmyrazem.pl\/index.php\/2022\/11\/03\/jak-wybrac-stol-do-salonu-praktyczne-wskazowki\/","og_locale":"pl_PL","og_type":"article","og_title":"Jak wybra\u0107 st\u00f3\u0142 do salonu? Praktyczne wskaz\u00f3wki - wybierzmyrazem.pl","og_description":"Wygl\u0105d w przypadku sto\u0142u do salonu to nie wszystko powinni\u015bmy zwr\u00f3ci\u0107 r\u00f3wnie\u017c uwag\u0119 w tym przypadku na inne wa\u017cne aspekty, gdy\u017c jest to cz\u0119sto inwestycja, kt\u00f3ra do najta\u0144szych nie nale\u017cy....","og_url":"https:\/\/www.wybierzmyrazem.pl\/index.php\/2022\/11\/03\/jak-wybrac-stol-do-salonu-praktyczne-wskazowki\/","og_site_name":"wybierzmyrazem.pl","article_published_time":"2022-11-03T15:30:45+00:00","article_modified_time":"2023-05-15T12:34:29+00:00","og_image":[{"width":1280,"height":822,"url":"https:\/\/www.wybierzmyrazem.pl\/wp-content\/uploads\/2022\/11\/g85b06cd38d71b2d302dfb0a16d62b776b5f1ee420c62a31a9c089c46842fef157d527c5762d00f6c5d4cb1cae5f0b616919e25d1949217737b617c18f37a4bbc_1280.jpg","type":"image\/jpeg"}],"author":"dev5e2","twitter_card":"summary_large_image","twitter_misc":{"Napisane przez":"dev5e2","Szacowany czas czytania":"4 minuty"},"schema":{"@context":"https:\/\/schema.org","@graph":[{"@type":"Article","@id":"https:\/\/www.wybierzmyrazem.pl\/index.php\/2022\/11\/03\/jak-wybrac-stol-do-salonu-praktyczne-wskazowki\/#article","isPartOf":{"@id":"https:\/\/www.wybierzmyrazem.pl\/index.php\/2022\/11\/03\/jak-wybrac-stol-do-salonu-praktyczne-wskazowki\/"},"author":{"name":"dev5e2","@id":"https:\/\/www.wybierzmyrazem.pl\/#\/schema\/person\/63c38787c47f7fdd6991c64a3736de08"},"headline":"Jak wybra\u0107 st\u00f3\u0142 do salonu? Praktyczne wskaz\u00f3wki","datePublished":"2022-11-03T15:30:45+00:00","dateModified":"2023-05-15T12:34:29+00:00","mainEntityOfPage":{"@id":"https:\/\/www.wybierzmyrazem.pl\/index.php\/2022\/11\/03\/jak-wybrac-stol-do-salonu-praktyczne-wskazowki\/"},"wordCount":729,"publisher":{"@id":"https:\/\/www.wybierzmyrazem.pl\/#organization"},"image":{"@id":"https:\/\/www.wybierzmyrazem.pl\/index.php\/2022\/11\/03\/jak-wybrac-stol-do-salonu-praktyczne-wskazowki\/#primaryimage"},"thumbnailUrl":"https:\/\/www.wybierzmyrazem.pl\/wp-content\/uploads\/2022\/11\/g85b06cd38d71b2d302dfb0a16d62b776b5f1ee420c62a31a9c089c46842fef157d527c5762d00f6c5d4cb1cae5f0b616919e25d1949217737b617c18f37a4bbc_1280.jpg","inLanguage":"pl-PL"},{"@type":"WebPage","@id":"https:\/\/www.wybierzmyrazem.pl\/index.php\/2022\/11\/03\/jak-wybrac-stol-do-salonu-praktyczne-wskazowki\/","url":"https:\/\/www.wybierzmyrazem.pl\/index.php\/2022\/11\/03\/jak-wybrac-stol-do-salonu-praktyczne-wskazowki\/","name":"Jak wybra\u0107 st\u00f3\u0142 do salonu? Praktyczne wskaz\u00f3wki - wybierzmyrazem.pl","isPartOf":{"@id":"https:\/\/www.wybierzmyrazem.pl\/#website"},"primaryImageOfPage":{"@id":"https:\/\/www.wybierzmyrazem.pl\/index.php\/2022\/11\/03\/jak-wybrac-stol-do-salonu-praktyczne-wskazowki\/#primaryimage"},"image":{"@id":"https:\/\/www.wybierzmyrazem.pl\/index.php\/2022\/11\/03\/jak-wybrac-stol-do-salonu-praktyczne-wskazowki\/#primaryimage"},"thumbnailUrl":"https:\/\/www.wybierzmyrazem.pl\/wp-content\/uploads\/2022\/11\/g85b06cd38d71b2d302dfb0a16d62b776b5f1ee420c62a31a9c089c46842fef157d527c5762d00f6c5d4cb1cae5f0b616919e25d1949217737b617c18f37a4bbc_1280.jpg","datePublished":"2022-11-03T15:30:45+00:00","dateModified":"2023-05-15T12:34:29+00:00","breadcrumb":{"@id":"https:\/\/www.wybierzmyrazem.pl\/index.php\/2022\/11\/03\/jak-wybrac-stol-do-salonu-praktyczne-wskazowki\/#breadcrumb"},"inLanguage":"pl-PL","potentialAction":[{"@type":"ReadAction","target":["https:\/\/www.wybierzmyrazem.pl\/index.php\/2022\/11\/03\/jak-wybrac-stol-do-salonu-praktyczne-wskazowki\/"]}]},{"@type":"ImageObject","inLanguage":"pl-PL","@id":"https:\/\/www.wybierzmyrazem.pl\/index.php\/2022\/11\/03\/jak-wybrac-stol-do-salonu-praktyczne-wskazowki\/#primaryimage","url":"https:\/\/www.wybierzmyrazem.pl\/wp-content\/uploads\/2022\/11\/g85b06cd38d71b2d302dfb0a16d62b776b5f1ee420c62a31a9c089c46842fef157d527c5762d00f6c5d4cb1cae5f0b616919e25d1949217737b617c18f37a4bbc_1280.jpg","contentUrl":"https:\/\/www.wybierzmyrazem.pl\/wp-content\/uploads\/2022\/11\/g85b06cd38d71b2d302dfb0a16d62b776b5f1ee420c62a31a9c089c46842fef157d527c5762d00f6c5d4cb1cae5f0b616919e25d1949217737b617c18f37a4bbc_1280.jpg","width":1280,"height":822,"caption":"st\u00f3\u0142"},{"@type":"BreadcrumbList","@id":"https:\/\/www.wybierzmyrazem.pl\/index.php\/2022\/11\/03\/jak-wybrac-stol-do-salonu-praktyczne-wskazowki\/#breadcrumb","itemListElement":[{"@type":"ListItem","position":1,"name":"Strona g\u0142\u00f3wna","item":"https:\/\/www.wybierzmyrazem.pl\/"},{"@type":"ListItem","position":2,"name":"Jak wybra\u0107 st\u00f3\u0142 do salonu? Praktyczne wskaz\u00f3wki"}]},{"@type":"WebSite","@id":"https:\/\/www.wybierzmyrazem.pl\/#website","url":"https:\/\/www.wybierzmyrazem.pl\/","name":"wybierzmyrazem.pl","description":"Tw\u00f3j ulubiony blog!","publisher":{"@id":"https:\/\/www.wybierzmyrazem.pl\/#organization"},"potentialAction":[{"@type":"SearchAction","target":{"@type":"EntryPoint","urlTemplate":"https:\/\/www.wybierzmyrazem.pl\/?s={search_term_string}"},"query-input":{"@type":"PropertyValueSpecification","valueRequired":true,"valueName":"search_term_string"}}],"inLanguage":"pl-PL"},{"@type":"Organization","@id":"https:\/\/www.wybierzmyrazem.pl\/#organization","name":"wybierzmyrazem.pl","url":"https:\/\/www.wybierzmyrazem.pl\/","logo":{"@type":"ImageObject","inLanguage":"pl-PL","@id":"https:\/\/www.wybierzmyrazem.pl\/#\/schema\/logo\/image\/","url":"https:\/\/www.wybierzmyrazem.pl\/wp-content\/uploads\/2022\/05\/Screenshot.png","contentUrl":"https:\/\/www.wybierzmyrazem.pl\/wp-content\/uploads\/2022\/05\/Screenshot.png","width":321,"height":243,"caption":"wybierzmyrazem.pl"},"image":{"@id":"https:\/\/www.wybierzmyrazem.pl\/#\/schema\/logo\/image\/"}},{"@type":"Person","@id":"https:\/\/www.wybierzmyrazem.pl\/#\/schema\/person\/63c38787c47f7fdd6991c64a3736de08","name":"dev5e2","image":{"@type":"ImageObject","inLanguage":"pl-PL","@id":"https:\/\/secure.gravatar.com\/avatar\/074e977b919a27539450977a304f65b9a1233c5635db562dd184870dbba1fbc0?s=96&d=mm&r=g","url":"https:\/\/secure.gravatar.com\/avatar\/074e977b919a27539450977a304f65b9a1233c5635db562dd184870dbba1fbc0?s=96&d=mm&r=g","contentUrl":"https:\/\/secure.gravatar.com\/avatar\/074e977b919a27539450977a304f65b9a1233c5635db562dd184870dbba1fbc0?s=96&d=mm&r=g","caption":"dev5e2"},"sameAs":["http:\/\/wybierzmyrazem.pl"]}]}},"_links":{"self":[{"href":"https:\/\/www.wybierzmyrazem.pl\/index.php\/wp-json\/wp\/v2\/posts\/127","targetHints":{"allow":["GET"]}}],"collection":[{"href":"https:\/\/www.wybierzmyrazem.pl\/index.php\/wp-json\/wp\/v2\/posts"}],"about":[{"href":"https:\/\/www.wybierzmyrazem.pl\/index.php\/wp-json\/wp\/v2\/types\/post"}],"author":[{"embeddable":true,"href":"https:\/\/www.wybierzmyrazem.pl\/index.php\/wp-json\/wp\/v2\/users\/1"}],"replies":[{"embeddable":true,"href":"https:\/\/www.wybierzmyrazem.pl\/index.php\/wp-json\/wp\/v2\/comments?post=127"}],"version-history":[{"count":2,"href":"https:\/\/www.wybierzmyrazem.pl\/index.php\/wp-json\/wp\/v2\/posts\/127\/revisions"}],"predecessor-version":[{"id":543,"href":"https:\/\/www.wybierzmyrazem.pl\/index.php\/wp-json\/wp\/v2\/posts\/127\/revisions\/543"}],"wp:featuredmedia":[{"embeddable":true,"href":"https:\/\/www.wybierzmyrazem.pl\/index.php\/wp-json\/wp\/v2\/media\/126"}],"wp:attachment":[{"href":"https:\/\/www.wybierzmyrazem.pl\/index.php\/wp-json\/wp\/v2\/media?parent=127"}],"wp:term":[{"taxonomy":"category","embeddable":true,"href":"https:\/\/www.wybierzmyrazem.pl\/index.php\/wp-json\/wp\/v2\/categories?post=127"},{"taxonomy":"post_tag","embeddable":true,"href":"https:\/\/www.wybierzmyrazem.pl\/index.php\/wp-json\/wp\/v2\/tags?post=127"}],"curies":[{"name":"wp","href":"https:\/\/api.w.org\/{rel}","templated":true}]}}