{"id":1302,"date":"2025-05-02T12:10:45","date_gmt":"2025-05-02T10:10:45","guid":{"rendered":"https:\/\/www.wybierzmyrazem.pl\/index.php\/2025\/05\/02\/czym-charakteryzuje-sie-dobra-fotografia-produktowa\/"},"modified":"2025-05-02T12:10:45","modified_gmt":"2025-05-02T10:10:45","slug":"czym-charakteryzuje-sie-dobra-fotografia-produktowa","status":"publish","type":"post","link":"https:\/\/www.wybierzmyrazem.pl\/index.php\/2025\/05\/02\/czym-charakteryzuje-sie-dobra-fotografia-produktowa\/","title":{"rendered":"Czym charakteryzuje si\u0119 dobra fotografia produktowa?"},"content":{"rendered":"<p>Dobra fotografia produktowa jest kluczowa dla skutecznej sprzeda\u017cy w dzisiejszym rynku. Odpowiednie zdj\u0119cia przyci\u0105gaj\u0105 uwag\u0119, buduj\u0105 wizerunek marki i pomagaj\u0105 w podj\u0119ciu decyzji zakupowych. Czym jednak charakteryzuje si\u0119 dobra fotografia produktowa, szczeg\u00f3lnie ta, kt\u00f3ra ma na celu przyci\u0105gni\u0119cie uwagi potencjalnych klient\u00f3w?<\/p>\n<h2><strong>Precyzyjne uchwycenie detali<\/strong><\/h2>\n<p>Podstaw\u0105 ka\u017cdej profesjonalnej fotografii produktowej jest dok\u0142adne odwzorowanie detali. Wysokiej jako\u015bci zdj\u0119cie powinno uwydatnia\u0107 cechy produktu, takie jak tekstura materia\u0142u czy detale wyko\u0144czenia. W Krakowie, gdzie fotografia produktowa jest na wysokim poziomie, nie brakuje specjalist\u00f3w, kt\u00f3rzy potrafi\u0105 uchwyci\u0107 najdrobniejsze szczeg\u00f3\u0142y. Niezale\u017cnie od tego, czy chodzi o odzie\u017c, bi\u017cuteri\u0119, czy elektronik\u0119, wa\u017cne jest, aby zdj\u0119cia oddawa\u0142y prawdziwy charakter produktu.<\/p>\n<h2><strong>O\u015bwietlenie \u2013 klucz do sukcesu<\/strong><\/h2>\n<p>Odpowiednie o\u015bwietlenie to kolejny niezb\u0119dny element dobrej fotografii produktowej. Z\u0142e \u015bwiat\u0142o mo\u017ce zniekszta\u0142ci\u0107 kolory i detale. Profesjonalni fotografowie, wykonuj\u0105cy zdj\u0119cia produktowe w Krakowie, doskonale wiedz\u0105, jak zastosowa\u0107 odpowiednie o\u015bwietlenie, by produkt wygl\u0105da\u0142 jak najbardziej atrakcyjnie. Zr\u00f3\u017cnicowanie o\u015bwietlenia pozwala na ukazanie walor\u00f3w produktu w najbardziej korzystny spos\u00f3b.<\/p>\n<h2><strong>T\u0142o i kompozycja zdj\u0119cia<\/strong><\/h2>\n<p>T\u0142o odgrywa kluczow\u0105 rol\u0119 w profesjonalnej fotografii produktowej. Cz\u0119sto wybiera si\u0119 proste, jednolite t\u0142o, kt\u00f3re nie odci\u0105ga uwagi od produktu. Dobre zdj\u0119cie produktowe to tak\u017ce odpowiednia kompozycja, kt\u00f3ra pozwala wyeksponowa\u0107 wszystkie istotne cechy przedmiotu. Dobrze zbalansowany kadr i w\u0142a\u015bciwe ustawienie produktu sprawiaj\u0105, \u017ce zdj\u0119cie staje si\u0119 estetyczne i atrakcyjne.<\/p>\n<h2><strong>Sp\u00f3jno\u015b\u0107 z wizerunkiem marki<\/strong><\/h2>\n<p>Profesjonalne zdj\u0119cia produktowe powinny by\u0107 sp\u00f3jne z og\u00f3lnym wizerunkiem marki. Ka\u017cde zdj\u0119cie powinno oddawa\u0107 atmosfer\u0119, kt\u00f3r\u0105 marka chce przekaza\u0107, zar\u00f3wno poprzez styl, jak i kolorystyk\u0119. <a href=\"http:\/\/fotoef.pl\/fotografia-zdjecia-produktowe-fotograf-produktowy-krakow\/\">Fotografia produktowa w Krakowie<\/a> cz\u0119sto s\u0142u\u017cy firmom do budowania pozytywnego wizerunku w oczach klient\u00f3w. W\u0142a\u015bciwie dobrane zdj\u0119cia mog\u0105 wspiera\u0107 misj\u0119 i warto\u015bci firmy.<\/p>\n<h2><strong>Wysoka jako\u015b\u0107 i rozdzielczo\u015b\u0107<\/strong><\/h2>\n<p>Dobre zdj\u0119cie musi by\u0107 wysokiej jako\u015bci, ostre i szczeg\u00f3\u0142owe. Wykorzystanie profesjonalnego sprz\u0119tu fotograficznego, wysokiej rozdzielczo\u015bci i dba\u0142o\u015b\u0107 o ka\u017cdy szczeg\u00f3\u0142 gwarantuje, \u017ce zdj\u0119cie b\u0119dzie realistyczne i przyci\u0105gnie uwag\u0119 klienta. Niska jako\u015b\u0107 zdj\u0119\u0107 mo\u017ce zniech\u0119ci\u0107 do zakupu i sprawi\u0107, \u017ce produkt b\u0119dzie postrzegany jako mniej warto\u015bciowy.<\/p>\n<p>Profesjonalna fotografia produktowa w Krakowie to nie tylko umiej\u0119tno\u015b\u0107 obs\u0142ugi aparatu, ale r\u00f3wnie\u017c artystyczne podej\u015bcie, kt\u00f3re pozwala na uchwycenie istoty produktu. W Krakowie, gdzie fotografia produktowa jest na wysokim poziomie, mo\u017cna liczy\u0107 na zdj\u0119cia, kt\u00f3re skutecznie przyci\u0105gn\u0105 uwag\u0119 i zach\u0119c\u0105 do zakupu. Dzi\u0119ki odpowiedniemu o\u015bwietleniu, kompozycji, t\u0142u i jako\u015bci zdj\u0119\u0107, ka\u017cda fotografia produktu mo\u017ce sta\u0107 si\u0119 istotnym elementem strategii marketingowej.<\/p>\n","protected":false},"excerpt":{"rendered":"<p>Dobra fotografia produktowa jest kluczowa dla skutecznej sprzeda\u017cy w dzisiejszym rynku. Odpowiednie zdj\u0119cia przyci\u0105gaj\u0105 uwag\u0119, buduj\u0105 wizerunek marki i pomagaj\u0105 w podj\u0119ciu decyzji zakupowych. Czym jednak charakteryzuje si\u0119 dobra fotografia&#8230;<\/p>\n","protected":false},"author":0,"featured_media":1301,"comment_status":"close","ping_status":"close","sticky":false,"template":"","format":"standard","meta":{"footnotes":""},"categories":[6],"tags":[],"class_list":["post-1302","post","type-post","status-publish","format-standard","has-post-thumbnail","hentry","category-technologia"],"yoast_head":"<!-- This site is optimized with the Yoast SEO plugin v27.4 - https:\/\/yoast.com\/product\/yoast-seo-wordpress\/ -->\n<title>Czym charakteryzuje si\u0119 dobra fotografia produktowa? - wybierzmyrazem.pl<\/title>\n<meta name=\"robots\" content=\"index, follow, max-snippet:-1, max-image-preview:large, max-video-preview:-1\" \/>\n<link rel=\"canonical\" href=\"https:\/\/www.wybierzmyrazem.pl\/index.php\/2025\/05\/02\/czym-charakteryzuje-sie-dobra-fotografia-produktowa\/\" \/>\n<meta property=\"og:locale\" content=\"pl_PL\" \/>\n<meta property=\"og:type\" content=\"article\" \/>\n<meta property=\"og:title\" content=\"Czym charakteryzuje si\u0119 dobra fotografia produktowa? - wybierzmyrazem.pl\" \/>\n<meta property=\"og:description\" content=\"Dobra fotografia produktowa jest kluczowa dla skutecznej sprzeda\u017cy w dzisiejszym rynku. Odpowiednie zdj\u0119cia przyci\u0105gaj\u0105 uwag\u0119, buduj\u0105 wizerunek marki i pomagaj\u0105 w podj\u0119ciu decyzji zakupowych. Czym jednak charakteryzuje si\u0119 dobra fotografia...\" \/>\n<meta property=\"og:url\" content=\"https:\/\/www.wybierzmyrazem.pl\/index.php\/2025\/05\/02\/czym-charakteryzuje-sie-dobra-fotografia-produktowa\/\" \/>\n<meta property=\"og:site_name\" content=\"wybierzmyrazem.pl\" \/>\n<meta property=\"article:published_time\" content=\"2025-05-02T10:10:45+00:00\" \/>\n<meta name=\"twitter:card\" content=\"summary_large_image\" \/>\n<meta name=\"twitter:label1\" content=\"Szacowany czas czytania\" \/>\n\t<meta name=\"twitter:data1\" content=\"2 minuty\" \/>\n<script type=\"application\/ld+json\" class=\"yoast-schema-graph\">{\"@context\":\"https:\\\/\\\/schema.org\",\"@graph\":[{\"@type\":\"Article\",\"@id\":\"https:\\\/\\\/www.wybierzmyrazem.pl\\\/index.php\\\/2025\\\/05\\\/02\\\/czym-charakteryzuje-sie-dobra-fotografia-produktowa\\\/#article\",\"isPartOf\":{\"@id\":\"https:\\\/\\\/www.wybierzmyrazem.pl\\\/index.php\\\/2025\\\/05\\\/02\\\/czym-charakteryzuje-sie-dobra-fotografia-produktowa\\\/\"},\"author\":{\"name\":\"\",\"@id\":\"\"},\"headline\":\"Czym charakteryzuje si\u0119 dobra fotografia produktowa?\",\"datePublished\":\"2025-05-02T10:10:45+00:00\",\"mainEntityOfPage\":{\"@id\":\"https:\\\/\\\/www.wybierzmyrazem.pl\\\/index.php\\\/2025\\\/05\\\/02\\\/czym-charakteryzuje-sie-dobra-fotografia-produktowa\\\/\"},\"wordCount\":469,\"publisher\":{\"@id\":\"https:\\\/\\\/www.wybierzmyrazem.pl\\\/#organization\"},\"image\":{\"@id\":\"https:\\\/\\\/www.wybierzmyrazem.pl\\\/index.php\\\/2025\\\/05\\\/02\\\/czym-charakteryzuje-sie-dobra-fotografia-produktowa\\\/#primaryimage\"},\"thumbnailUrl\":\"https:\\\/\\\/www.wybierzmyrazem.pl\\\/wp-content\\\/uploads\\\/2025\\\/05\\\/czym-charakteryzuje-sie-dobra-fotografia-produktowa.webp\",\"articleSection\":[\"Technologia\"],\"inLanguage\":\"pl-PL\"},{\"@type\":\"WebPage\",\"@id\":\"https:\\\/\\\/www.wybierzmyrazem.pl\\\/index.php\\\/2025\\\/05\\\/02\\\/czym-charakteryzuje-sie-dobra-fotografia-produktowa\\\/\",\"url\":\"https:\\\/\\\/www.wybierzmyrazem.pl\\\/index.php\\\/2025\\\/05\\\/02\\\/czym-charakteryzuje-sie-dobra-fotografia-produktowa\\\/\",\"name\":\"Czym charakteryzuje si\u0119 dobra fotografia produktowa? - wybierzmyrazem.pl\",\"isPartOf\":{\"@id\":\"https:\\\/\\\/www.wybierzmyrazem.pl\\\/#website\"},\"primaryImageOfPage\":{\"@id\":\"https:\\\/\\\/www.wybierzmyrazem.pl\\\/index.php\\\/2025\\\/05\\\/02\\\/czym-charakteryzuje-sie-dobra-fotografia-produktowa\\\/#primaryimage\"},\"image\":{\"@id\":\"https:\\\/\\\/www.wybierzmyrazem.pl\\\/index.php\\\/2025\\\/05\\\/02\\\/czym-charakteryzuje-sie-dobra-fotografia-produktowa\\\/#primaryimage\"},\"thumbnailUrl\":\"https:\\\/\\\/www.wybierzmyrazem.pl\\\/wp-content\\\/uploads\\\/2025\\\/05\\\/czym-charakteryzuje-sie-dobra-fotografia-produktowa.webp\",\"datePublished\":\"2025-05-02T10:10:45+00:00\",\"breadcrumb\":{\"@id\":\"https:\\\/\\\/www.wybierzmyrazem.pl\\\/index.php\\\/2025\\\/05\\\/02\\\/czym-charakteryzuje-sie-dobra-fotografia-produktowa\\\/#breadcrumb\"},\"inLanguage\":\"pl-PL\",\"potentialAction\":[{\"@type\":\"ReadAction\",\"target\":[\"https:\\\/\\\/www.wybierzmyrazem.pl\\\/index.php\\\/2025\\\/05\\\/02\\\/czym-charakteryzuje-sie-dobra-fotografia-produktowa\\\/\"]}]},{\"@type\":\"ImageObject\",\"inLanguage\":\"pl-PL\",\"@id\":\"https:\\\/\\\/www.wybierzmyrazem.pl\\\/index.php\\\/2025\\\/05\\\/02\\\/czym-charakteryzuje-sie-dobra-fotografia-produktowa\\\/#primaryimage\",\"url\":\"https:\\\/\\\/www.wybierzmyrazem.pl\\\/wp-content\\\/uploads\\\/2025\\\/05\\\/czym-charakteryzuje-sie-dobra-fotografia-produktowa.webp\",\"contentUrl\":\"https:\\\/\\\/www.wybierzmyrazem.pl\\\/wp-content\\\/uploads\\\/2025\\\/05\\\/czym-charakteryzuje-sie-dobra-fotografia-produktowa.webp\",\"width\":1024,\"height\":1024},{\"@type\":\"BreadcrumbList\",\"@id\":\"https:\\\/\\\/www.wybierzmyrazem.pl\\\/index.php\\\/2025\\\/05\\\/02\\\/czym-charakteryzuje-sie-dobra-fotografia-produktowa\\\/#breadcrumb\",\"itemListElement\":[{\"@type\":\"ListItem\",\"position\":1,\"name\":\"Strona g\u0142\u00f3wna\",\"item\":\"https:\\\/\\\/www.wybierzmyrazem.pl\\\/\"},{\"@type\":\"ListItem\",\"position\":2,\"name\":\"Czym charakteryzuje si\u0119 dobra fotografia produktowa?\"}]},{\"@type\":\"WebSite\",\"@id\":\"https:\\\/\\\/www.wybierzmyrazem.pl\\\/#website\",\"url\":\"https:\\\/\\\/www.wybierzmyrazem.pl\\\/\",\"name\":\"wybierzmyrazem.pl\",\"description\":\"Tw\u00f3j ulubiony blog!\",\"publisher\":{\"@id\":\"https:\\\/\\\/www.wybierzmyrazem.pl\\\/#organization\"},\"potentialAction\":[{\"@type\":\"SearchAction\",\"target\":{\"@type\":\"EntryPoint\",\"urlTemplate\":\"https:\\\/\\\/www.wybierzmyrazem.pl\\\/?s={search_term_string}\"},\"query-input\":{\"@type\":\"PropertyValueSpecification\",\"valueRequired\":true,\"valueName\":\"search_term_string\"}}],\"inLanguage\":\"pl-PL\"},{\"@type\":\"Organization\",\"@id\":\"https:\\\/\\\/www.wybierzmyrazem.pl\\\/#organization\",\"name\":\"wybierzmyrazem.pl\",\"url\":\"https:\\\/\\\/www.wybierzmyrazem.pl\\\/\",\"logo\":{\"@type\":\"ImageObject\",\"inLanguage\":\"pl-PL\",\"@id\":\"https:\\\/\\\/www.wybierzmyrazem.pl\\\/#\\\/schema\\\/logo\\\/image\\\/\",\"url\":\"https:\\\/\\\/www.wybierzmyrazem.pl\\\/wp-content\\\/uploads\\\/2022\\\/05\\\/Screenshot.png\",\"contentUrl\":\"https:\\\/\\\/www.wybierzmyrazem.pl\\\/wp-content\\\/uploads\\\/2022\\\/05\\\/Screenshot.png\",\"width\":321,\"height\":243,\"caption\":\"wybierzmyrazem.pl\"},\"image\":{\"@id\":\"https:\\\/\\\/www.wybierzmyrazem.pl\\\/#\\\/schema\\\/logo\\\/image\\\/\"}}]}<\/script>\n<!-- \/ Yoast SEO plugin. -->","yoast_head_json":{"title":"Czym charakteryzuje si\u0119 dobra fotografia produktowa? - wybierzmyrazem.pl","robots":{"index":"index","follow":"follow","max-snippet":"max-snippet:-1","max-image-preview":"max-image-preview:large","max-video-preview":"max-video-preview:-1"},"canonical":"https:\/\/www.wybierzmyrazem.pl\/index.php\/2025\/05\/02\/czym-charakteryzuje-sie-dobra-fotografia-produktowa\/","og_locale":"pl_PL","og_type":"article","og_title":"Czym charakteryzuje si\u0119 dobra fotografia produktowa? - wybierzmyrazem.pl","og_description":"Dobra fotografia produktowa jest kluczowa dla skutecznej sprzeda\u017cy w dzisiejszym rynku. Odpowiednie zdj\u0119cia przyci\u0105gaj\u0105 uwag\u0119, buduj\u0105 wizerunek marki i pomagaj\u0105 w podj\u0119ciu decyzji zakupowych. Czym jednak charakteryzuje si\u0119 dobra fotografia...","og_url":"https:\/\/www.wybierzmyrazem.pl\/index.php\/2025\/05\/02\/czym-charakteryzuje-sie-dobra-fotografia-produktowa\/","og_site_name":"wybierzmyrazem.pl","article_published_time":"2025-05-02T10:10:45+00:00","twitter_card":"summary_large_image","twitter_misc":{"Szacowany czas czytania":"2 minuty"},"schema":{"@context":"https:\/\/schema.org","@graph":[{"@type":"Article","@id":"https:\/\/www.wybierzmyrazem.pl\/index.php\/2025\/05\/02\/czym-charakteryzuje-sie-dobra-fotografia-produktowa\/#article","isPartOf":{"@id":"https:\/\/www.wybierzmyrazem.pl\/index.php\/2025\/05\/02\/czym-charakteryzuje-sie-dobra-fotografia-produktowa\/"},"author":{"name":"","@id":""},"headline":"Czym charakteryzuje si\u0119 dobra fotografia produktowa?","datePublished":"2025-05-02T10:10:45+00:00","mainEntityOfPage":{"@id":"https:\/\/www.wybierzmyrazem.pl\/index.php\/2025\/05\/02\/czym-charakteryzuje-sie-dobra-fotografia-produktowa\/"},"wordCount":469,"publisher":{"@id":"https:\/\/www.wybierzmyrazem.pl\/#organization"},"image":{"@id":"https:\/\/www.wybierzmyrazem.pl\/index.php\/2025\/05\/02\/czym-charakteryzuje-sie-dobra-fotografia-produktowa\/#primaryimage"},"thumbnailUrl":"https:\/\/www.wybierzmyrazem.pl\/wp-content\/uploads\/2025\/05\/czym-charakteryzuje-sie-dobra-fotografia-produktowa.webp","articleSection":["Technologia"],"inLanguage":"pl-PL"},{"@type":"WebPage","@id":"https:\/\/www.wybierzmyrazem.pl\/index.php\/2025\/05\/02\/czym-charakteryzuje-sie-dobra-fotografia-produktowa\/","url":"https:\/\/www.wybierzmyrazem.pl\/index.php\/2025\/05\/02\/czym-charakteryzuje-sie-dobra-fotografia-produktowa\/","name":"Czym charakteryzuje si\u0119 dobra fotografia produktowa? - wybierzmyrazem.pl","isPartOf":{"@id":"https:\/\/www.wybierzmyrazem.pl\/#website"},"primaryImageOfPage":{"@id":"https:\/\/www.wybierzmyrazem.pl\/index.php\/2025\/05\/02\/czym-charakteryzuje-sie-dobra-fotografia-produktowa\/#primaryimage"},"image":{"@id":"https:\/\/www.wybierzmyrazem.pl\/index.php\/2025\/05\/02\/czym-charakteryzuje-sie-dobra-fotografia-produktowa\/#primaryimage"},"thumbnailUrl":"https:\/\/www.wybierzmyrazem.pl\/wp-content\/uploads\/2025\/05\/czym-charakteryzuje-sie-dobra-fotografia-produktowa.webp","datePublished":"2025-05-02T10:10:45+00:00","breadcrumb":{"@id":"https:\/\/www.wybierzmyrazem.pl\/index.php\/2025\/05\/02\/czym-charakteryzuje-sie-dobra-fotografia-produktowa\/#breadcrumb"},"inLanguage":"pl-PL","potentialAction":[{"@type":"ReadAction","target":["https:\/\/www.wybierzmyrazem.pl\/index.php\/2025\/05\/02\/czym-charakteryzuje-sie-dobra-fotografia-produktowa\/"]}]},{"@type":"ImageObject","inLanguage":"pl-PL","@id":"https:\/\/www.wybierzmyrazem.pl\/index.php\/2025\/05\/02\/czym-charakteryzuje-sie-dobra-fotografia-produktowa\/#primaryimage","url":"https:\/\/www.wybierzmyrazem.pl\/wp-content\/uploads\/2025\/05\/czym-charakteryzuje-sie-dobra-fotografia-produktowa.webp","contentUrl":"https:\/\/www.wybierzmyrazem.pl\/wp-content\/uploads\/2025\/05\/czym-charakteryzuje-sie-dobra-fotografia-produktowa.webp","width":1024,"height":1024},{"@type":"BreadcrumbList","@id":"https:\/\/www.wybierzmyrazem.pl\/index.php\/2025\/05\/02\/czym-charakteryzuje-sie-dobra-fotografia-produktowa\/#breadcrumb","itemListElement":[{"@type":"ListItem","position":1,"name":"Strona g\u0142\u00f3wna","item":"https:\/\/www.wybierzmyrazem.pl\/"},{"@type":"ListItem","position":2,"name":"Czym charakteryzuje si\u0119 dobra fotografia produktowa?"}]},{"@type":"WebSite","@id":"https:\/\/www.wybierzmyrazem.pl\/#website","url":"https:\/\/www.wybierzmyrazem.pl\/","name":"wybierzmyrazem.pl","description":"Tw\u00f3j ulubiony blog!","publisher":{"@id":"https:\/\/www.wybierzmyrazem.pl\/#organization"},"potentialAction":[{"@type":"SearchAction","target":{"@type":"EntryPoint","urlTemplate":"https:\/\/www.wybierzmyrazem.pl\/?s={search_term_string}"},"query-input":{"@type":"PropertyValueSpecification","valueRequired":true,"valueName":"search_term_string"}}],"inLanguage":"pl-PL"},{"@type":"Organization","@id":"https:\/\/www.wybierzmyrazem.pl\/#organization","name":"wybierzmyrazem.pl","url":"https:\/\/www.wybierzmyrazem.pl\/","logo":{"@type":"ImageObject","inLanguage":"pl-PL","@id":"https:\/\/www.wybierzmyrazem.pl\/#\/schema\/logo\/image\/","url":"https:\/\/www.wybierzmyrazem.pl\/wp-content\/uploads\/2022\/05\/Screenshot.png","contentUrl":"https:\/\/www.wybierzmyrazem.pl\/wp-content\/uploads\/2022\/05\/Screenshot.png","width":321,"height":243,"caption":"wybierzmyrazem.pl"},"image":{"@id":"https:\/\/www.wybierzmyrazem.pl\/#\/schema\/logo\/image\/"}}]}},"_links":{"self":[{"href":"https:\/\/www.wybierzmyrazem.pl\/index.php\/wp-json\/wp\/v2\/posts\/1302","targetHints":{"allow":["GET"]}}],"collection":[{"href":"https:\/\/www.wybierzmyrazem.pl\/index.php\/wp-json\/wp\/v2\/posts"}],"about":[{"href":"https:\/\/www.wybierzmyrazem.pl\/index.php\/wp-json\/wp\/v2\/types\/post"}],"replies":[{"embeddable":true,"href":"https:\/\/www.wybierzmyrazem.pl\/index.php\/wp-json\/wp\/v2\/comments?post=1302"}],"version-history":[{"count":0,"href":"https:\/\/www.wybierzmyrazem.pl\/index.php\/wp-json\/wp\/v2\/posts\/1302\/revisions"}],"wp:featuredmedia":[{"embeddable":true,"href":"https:\/\/www.wybierzmyrazem.pl\/index.php\/wp-json\/wp\/v2\/media\/1301"}],"wp:attachment":[{"href":"https:\/\/www.wybierzmyrazem.pl\/index.php\/wp-json\/wp\/v2\/media?parent=1302"}],"wp:term":[{"taxonomy":"category","embeddable":true,"href":"https:\/\/www.wybierzmyrazem.pl\/index.php\/wp-json\/wp\/v2\/categories?post=1302"},{"taxonomy":"post_tag","embeddable":true,"href":"https:\/\/www.wybierzmyrazem.pl\/index.php\/wp-json\/wp\/v2\/tags?post=1302"}],"curies":[{"name":"wp","href":"https:\/\/api.w.org\/{rel}","templated":true}]}}