{"id":171,"date":"2022-12-04T16:30:45","date_gmt":"2022-12-04T15:30:45","guid":{"rendered":"https:\/\/www.wybierzmyrazem.pl\/index.php\/2022\/12\/04\/radca-prawny-kim-jest\/"},"modified":"2025-12-13T02:51:35","modified_gmt":"2025-12-13T01:51:35","slug":"radca-prawny-kim-jest","status":"publish","type":"post","link":"https:\/\/www.wybierzmyrazem.pl\/index.php\/2022\/12\/04\/radca-prawny-kim-jest\/","title":{"rendered":"Radca prawny &#8211; kim jest?"},"content":{"rendered":"<p>W tym momencie na rynku jest dost\u0119pnych bardzo wiele zawod\u00f3w prawniczych o r\u00f3\u017cnym nazewnictwie, przez co du\u017ca cz\u0119\u015b\u0107 os\u00f3b ju\u017c mo\u017ce powoli si\u0119 w tym wszystkim gubi\u0107 i osoby, kt\u00f3re nie znaj\u0105 si\u0119 na prawie, po prostu nie rozr\u00f3\u017cniaj\u0105 tych termin\u00f3w. Czy okre\u015blenie \u201cradca prawny\u201d jest kolejn\u0105 inn\u0105 nazw\u0105 na adwokata? Najlepiej jest si\u0119 samemu o tym dowiedzie\u0107, poniewa\u017c wielu mo\u017ce ju\u017c teraz, albo w niedalekiej przysz\u0142o\u015bci potrzebowa\u0107 specjalistycznej pomocy prawnej. Z tego w\u0142a\u015bnie powodu warto wiedzie\u0107 do kogo uda\u0107 si\u0119 ze swoim problemem i kto b\u0119dzie w stanie najlepiej doradzi\u0107. <\/p>\n<h2><a id=\"_i2culx5u9wpk\"><\/a>\u0141\u00f3d\u017a radca prawny &#8211; kim jest?<\/h2>\n<p>W Polsce radca prawny funkcjonuje jako zaw\u00f3d zaufania publicznego. G\u0142\u00f3wnymi zadaniami, jakimi zajmuje si\u0119 osoba wykonuj\u0105ca t\u0119 prac\u0119, jest w szczeg\u00f3lno\u015bci udzielanie porad i konsultacji prawnych oraz opracowywanie akt\u00f3w prawnych i sporz\u0105dzanie okre\u015blonych opinii prawnych. Radca prawny w \u0141odzi i nie tylko mo\u017ce r\u00f3wnie\u017c by\u0107 naszym obro\u0144c\u0105, pe\u0142nomocnikiem lub mo\u017ce zajmowa\u0107 si\u0119 reprezentowaniem nas przed r\u00f3\u017cnymi instytucjami, mi\u0119dzy innymi s\u0105dem b\u0105d\u017a jakimi\u015b urz\u0119dami. Osoba wykonuj\u0105ca ten zaw\u00f3d mo\u017ce r\u00f3wnie\u017c podj\u0105\u0107 si\u0119 wsp\u00f3\u0142pracy jako obs\u0142uga prawna firmy. <\/p>\n<p>Osoba pracuj\u0105ca jako radca prawny ma obowi\u0105zek uko\u0144czenia aplikacji radcowskiej oraz zdania egzaminu zawodowego, kolejno musi zosta\u0107 wpisana na list\u0119 radc\u00f3w prawnych. Oczywi\u015bcie istniej\u0105 te\u017c inne drogi, aby wykonywa\u0107 ten zaw\u00f3d, ale one nie zwalniaj\u0105 kandydata z obowi\u0105zku znania rozleg\u0142ej wiedzy dotycz\u0105cej prawa. Pe\u0142ny poziom ochrony interes\u00f3w klienta zapewnia fakt, i\u017c ka\u017cdy radca prawny ma obowi\u0105zek posiadania ubezpieczenia od odpowiedzialno\u015bci cywilnej. <\/p>\n<h2><a id=\"_6ofvnalkf2ic\"><\/a>Jak radcy prawni wykonuj\u0105 sw\u00f3j zaw\u00f3d?<\/h2>\n<p>Mo\u017ce by\u0107 to kwestia zastanawiaj\u0105ca, kt\u00f3r\u0105 warto om\u00f3wi\u0107. W jaki spos\u00f3b radcy prawni pracuj\u0105? Wi\u0119kszo\u015b\u0107 z nich swoje us\u0142ugi odbywaj\u0105 we w\u0142asnej kancelarii. Niekt\u00f3re z nich s\u0105 utworzone w postaci sp\u00f3\u0142ki cywilnej lub sp\u00f3\u0142ki prawa handlowego. Istnieje tak\u017ce mo\u017cliwo\u015b\u0107 zatrudnienia si\u0119 jako radca prawny w oparciu o umow\u0119 o prac\u0119 w jakiej\u015b instytucji lub firmie. <\/p>\n<h2><a id=\"_avjhh05p3yd7\"><\/a>\u0141\u00f3d\u017a radca prawny &#8211; gdzie znale\u017a\u0107?<\/h2>\n<p>Najprostszym i najbardziej tradycyjnym sposobem na znalezienie radcy prawnego jest szukanie go w internecie. Wpisuj\u0105c w przegl\u0105dark\u0119, has\u0142o wyskoczy bardzo wiele wynik\u00f3w, z kt\u00f3rych mo\u017cna sobie wybiera\u0107. Jednak warto pami\u0119ta\u0107, \u017ce ten pierwszy nie oznacza najlepszy. Lepiej jest najpierw poczyta\u0107 sobie opini\u0119 na temat tych najlepiej ocenianych radc\u00f3w i por\u00f3wna\u0107 sobie ich oferty, aby dopasowa\u0107 do siebie najlepsz\u0105 z nich. Je\u015bli kto\u015b korzysta z prasy, to r\u00f3wnie\u017c mo\u017ce si\u0119 tam spotka\u0107 z og\u0142oszeniami od kancelarii. Je\u017celi posiada si\u0119 znajomych, od kt\u00f3rych na pewno wie si\u0119, \u017ce korzystali z us\u0142ug radcy prawnego, mo\u017cna do nich si\u0119 zg\u0142osi\u0107 i podpyta\u0107. Dobrze jest mie\u0107 kogo\u015b poleconego od zaufanych os\u00f3b. Jednak\u017ce w takim wypadku warto zorientowa\u0107 si\u0119, czy na pewno osoba z polecenia specjalizuje si\u0119 w danych sprawach, poniewa\u017c bliscy mogli przecie\u017c mie\u0107 inny problem. Istnieje spis kancelarii prawnych, do kt\u00f3rego mo\u017cna sobie zajrze\u0107. Prowadz\u0105 go Okr\u0119gowe Izby Radc\u00f3w Prawnych i polega to na zrzeszaniu radc\u00f3w prawnych.<\/p>\n","protected":false},"excerpt":{"rendered":"<p>W tym momencie na rynku jest dost\u0119pnych bardzo wiele zawod\u00f3w prawniczych o r\u00f3\u017cnym nazewnictwie, przez co du\u017ca cz\u0119\u015b\u0107 os\u00f3b ju\u017c mo\u017ce powoli si\u0119 w tym wszystkim gubi\u0107 i osoby, kt\u00f3re&#8230;<\/p>\n","protected":false},"author":1,"featured_media":0,"comment_status":"closed","ping_status":"closed","sticky":false,"template":"","format":"standard","meta":{"footnotes":""},"categories":[1],"tags":[],"class_list":["post-171","post","type-post","status-publish","format-standard","hentry","category-bez-kategorii"],"yoast_head":"<!-- This site is optimized with the Yoast SEO plugin v27.4 - https:\/\/yoast.com\/product\/yoast-seo-wordpress\/ -->\n<title>Radca prawny - kim jest? - wybierzmyrazem.pl<\/title>\n<meta name=\"robots\" content=\"index, follow, max-snippet:-1, max-image-preview:large, max-video-preview:-1\" \/>\n<link rel=\"canonical\" href=\"https:\/\/www.wybierzmyrazem.pl\/index.php\/2022\/12\/04\/radca-prawny-kim-jest\/\" \/>\n<meta property=\"og:locale\" content=\"pl_PL\" \/>\n<meta property=\"og:type\" content=\"article\" \/>\n<meta property=\"og:title\" content=\"Radca prawny - kim jest? - wybierzmyrazem.pl\" \/>\n<meta property=\"og:description\" content=\"W tym momencie na rynku jest dost\u0119pnych bardzo wiele zawod\u00f3w prawniczych o r\u00f3\u017cnym nazewnictwie, przez co du\u017ca cz\u0119\u015b\u0107 os\u00f3b ju\u017c mo\u017ce powoli si\u0119 w tym wszystkim gubi\u0107 i osoby, kt\u00f3re...\" \/>\n<meta property=\"og:url\" content=\"https:\/\/www.wybierzmyrazem.pl\/index.php\/2022\/12\/04\/radca-prawny-kim-jest\/\" \/>\n<meta property=\"og:site_name\" content=\"wybierzmyrazem.pl\" \/>\n<meta property=\"article:published_time\" content=\"2022-12-04T15:30:45+00:00\" \/>\n<meta property=\"article:modified_time\" content=\"2025-12-13T01:51:35+00:00\" \/>\n<meta name=\"author\" content=\"dev5e2\" \/>\n<meta name=\"twitter:card\" content=\"summary_large_image\" \/>\n<meta name=\"twitter:label1\" content=\"Napisane przez\" \/>\n\t<meta name=\"twitter:data1\" content=\"dev5e2\" \/>\n\t<meta name=\"twitter:label2\" content=\"Szacowany czas czytania\" \/>\n\t<meta name=\"twitter:data2\" content=\"3 minuty\" \/>\n<script type=\"application\/ld+json\" class=\"yoast-schema-graph\">{\"@context\":\"https:\\\/\\\/schema.org\",\"@graph\":[{\"@type\":\"Article\",\"@id\":\"https:\\\/\\\/www.wybierzmyrazem.pl\\\/index.php\\\/2022\\\/12\\\/04\\\/radca-prawny-kim-jest\\\/#article\",\"isPartOf\":{\"@id\":\"https:\\\/\\\/www.wybierzmyrazem.pl\\\/index.php\\\/2022\\\/12\\\/04\\\/radca-prawny-kim-jest\\\/\"},\"author\":{\"name\":\"dev5e2\",\"@id\":\"https:\\\/\\\/www.wybierzmyrazem.pl\\\/#\\\/schema\\\/person\\\/63c38787c47f7fdd6991c64a3736de08\"},\"headline\":\"Radca prawny &#8211; kim jest?\",\"datePublished\":\"2022-12-04T15:30:45+00:00\",\"dateModified\":\"2025-12-13T01:51:35+00:00\",\"mainEntityOfPage\":{\"@id\":\"https:\\\/\\\/www.wybierzmyrazem.pl\\\/index.php\\\/2022\\\/12\\\/04\\\/radca-prawny-kim-jest\\\/\"},\"wordCount\":553,\"publisher\":{\"@id\":\"https:\\\/\\\/www.wybierzmyrazem.pl\\\/#organization\"},\"inLanguage\":\"pl-PL\"},{\"@type\":\"WebPage\",\"@id\":\"https:\\\/\\\/www.wybierzmyrazem.pl\\\/index.php\\\/2022\\\/12\\\/04\\\/radca-prawny-kim-jest\\\/\",\"url\":\"https:\\\/\\\/www.wybierzmyrazem.pl\\\/index.php\\\/2022\\\/12\\\/04\\\/radca-prawny-kim-jest\\\/\",\"name\":\"Radca prawny - kim jest? - wybierzmyrazem.pl\",\"isPartOf\":{\"@id\":\"https:\\\/\\\/www.wybierzmyrazem.pl\\\/#website\"},\"datePublished\":\"2022-12-04T15:30:45+00:00\",\"dateModified\":\"2025-12-13T01:51:35+00:00\",\"breadcrumb\":{\"@id\":\"https:\\\/\\\/www.wybierzmyrazem.pl\\\/index.php\\\/2022\\\/12\\\/04\\\/radca-prawny-kim-jest\\\/#breadcrumb\"},\"inLanguage\":\"pl-PL\",\"potentialAction\":[{\"@type\":\"ReadAction\",\"target\":[\"https:\\\/\\\/www.wybierzmyrazem.pl\\\/index.php\\\/2022\\\/12\\\/04\\\/radca-prawny-kim-jest\\\/\"]}]},{\"@type\":\"BreadcrumbList\",\"@id\":\"https:\\\/\\\/www.wybierzmyrazem.pl\\\/index.php\\\/2022\\\/12\\\/04\\\/radca-prawny-kim-jest\\\/#breadcrumb\",\"itemListElement\":[{\"@type\":\"ListItem\",\"position\":1,\"name\":\"Strona g\u0142\u00f3wna\",\"item\":\"https:\\\/\\\/www.wybierzmyrazem.pl\\\/\"},{\"@type\":\"ListItem\",\"position\":2,\"name\":\"Radca prawny &#8211; kim jest?\"}]},{\"@type\":\"WebSite\",\"@id\":\"https:\\\/\\\/www.wybierzmyrazem.pl\\\/#website\",\"url\":\"https:\\\/\\\/www.wybierzmyrazem.pl\\\/\",\"name\":\"wybierzmyrazem.pl\",\"description\":\"Tw\u00f3j ulubiony blog!\",\"publisher\":{\"@id\":\"https:\\\/\\\/www.wybierzmyrazem.pl\\\/#organization\"},\"potentialAction\":[{\"@type\":\"SearchAction\",\"target\":{\"@type\":\"EntryPoint\",\"urlTemplate\":\"https:\\\/\\\/www.wybierzmyrazem.pl\\\/?s={search_term_string}\"},\"query-input\":{\"@type\":\"PropertyValueSpecification\",\"valueRequired\":true,\"valueName\":\"search_term_string\"}}],\"inLanguage\":\"pl-PL\"},{\"@type\":\"Organization\",\"@id\":\"https:\\\/\\\/www.wybierzmyrazem.pl\\\/#organization\",\"name\":\"wybierzmyrazem.pl\",\"url\":\"https:\\\/\\\/www.wybierzmyrazem.pl\\\/\",\"logo\":{\"@type\":\"ImageObject\",\"inLanguage\":\"pl-PL\",\"@id\":\"https:\\\/\\\/www.wybierzmyrazem.pl\\\/#\\\/schema\\\/logo\\\/image\\\/\",\"url\":\"https:\\\/\\\/www.wybierzmyrazem.pl\\\/wp-content\\\/uploads\\\/2022\\\/05\\\/Screenshot.png\",\"contentUrl\":\"https:\\\/\\\/www.wybierzmyrazem.pl\\\/wp-content\\\/uploads\\\/2022\\\/05\\\/Screenshot.png\",\"width\":321,\"height\":243,\"caption\":\"wybierzmyrazem.pl\"},\"image\":{\"@id\":\"https:\\\/\\\/www.wybierzmyrazem.pl\\\/#\\\/schema\\\/logo\\\/image\\\/\"}},{\"@type\":\"Person\",\"@id\":\"https:\\\/\\\/www.wybierzmyrazem.pl\\\/#\\\/schema\\\/person\\\/63c38787c47f7fdd6991c64a3736de08\",\"name\":\"dev5e2\",\"image\":{\"@type\":\"ImageObject\",\"inLanguage\":\"pl-PL\",\"@id\":\"https:\\\/\\\/secure.gravatar.com\\\/avatar\\\/074e977b919a27539450977a304f65b9a1233c5635db562dd184870dbba1fbc0?s=96&d=mm&r=g\",\"url\":\"https:\\\/\\\/secure.gravatar.com\\\/avatar\\\/074e977b919a27539450977a304f65b9a1233c5635db562dd184870dbba1fbc0?s=96&d=mm&r=g\",\"contentUrl\":\"https:\\\/\\\/secure.gravatar.com\\\/avatar\\\/074e977b919a27539450977a304f65b9a1233c5635db562dd184870dbba1fbc0?s=96&d=mm&r=g\",\"caption\":\"dev5e2\"},\"sameAs\":[\"http:\\\/\\\/wybierzmyrazem.pl\"]}]}<\/script>\n<!-- \/ Yoast SEO plugin. -->","yoast_head_json":{"title":"Radca prawny - kim jest? - wybierzmyrazem.pl","robots":{"index":"index","follow":"follow","max-snippet":"max-snippet:-1","max-image-preview":"max-image-preview:large","max-video-preview":"max-video-preview:-1"},"canonical":"https:\/\/www.wybierzmyrazem.pl\/index.php\/2022\/12\/04\/radca-prawny-kim-jest\/","og_locale":"pl_PL","og_type":"article","og_title":"Radca prawny - kim jest? - wybierzmyrazem.pl","og_description":"W tym momencie na rynku jest dost\u0119pnych bardzo wiele zawod\u00f3w prawniczych o r\u00f3\u017cnym nazewnictwie, przez co du\u017ca cz\u0119\u015b\u0107 os\u00f3b ju\u017c mo\u017ce powoli si\u0119 w tym wszystkim gubi\u0107 i osoby, kt\u00f3re...","og_url":"https:\/\/www.wybierzmyrazem.pl\/index.php\/2022\/12\/04\/radca-prawny-kim-jest\/","og_site_name":"wybierzmyrazem.pl","article_published_time":"2022-12-04T15:30:45+00:00","article_modified_time":"2025-12-13T01:51:35+00:00","author":"dev5e2","twitter_card":"summary_large_image","twitter_misc":{"Napisane przez":"dev5e2","Szacowany czas czytania":"3 minuty"},"schema":{"@context":"https:\/\/schema.org","@graph":[{"@type":"Article","@id":"https:\/\/www.wybierzmyrazem.pl\/index.php\/2022\/12\/04\/radca-prawny-kim-jest\/#article","isPartOf":{"@id":"https:\/\/www.wybierzmyrazem.pl\/index.php\/2022\/12\/04\/radca-prawny-kim-jest\/"},"author":{"name":"dev5e2","@id":"https:\/\/www.wybierzmyrazem.pl\/#\/schema\/person\/63c38787c47f7fdd6991c64a3736de08"},"headline":"Radca prawny &#8211; kim jest?","datePublished":"2022-12-04T15:30:45+00:00","dateModified":"2025-12-13T01:51:35+00:00","mainEntityOfPage":{"@id":"https:\/\/www.wybierzmyrazem.pl\/index.php\/2022\/12\/04\/radca-prawny-kim-jest\/"},"wordCount":553,"publisher":{"@id":"https:\/\/www.wybierzmyrazem.pl\/#organization"},"inLanguage":"pl-PL"},{"@type":"WebPage","@id":"https:\/\/www.wybierzmyrazem.pl\/index.php\/2022\/12\/04\/radca-prawny-kim-jest\/","url":"https:\/\/www.wybierzmyrazem.pl\/index.php\/2022\/12\/04\/radca-prawny-kim-jest\/","name":"Radca prawny - kim jest? - wybierzmyrazem.pl","isPartOf":{"@id":"https:\/\/www.wybierzmyrazem.pl\/#website"},"datePublished":"2022-12-04T15:30:45+00:00","dateModified":"2025-12-13T01:51:35+00:00","breadcrumb":{"@id":"https:\/\/www.wybierzmyrazem.pl\/index.php\/2022\/12\/04\/radca-prawny-kim-jest\/#breadcrumb"},"inLanguage":"pl-PL","potentialAction":[{"@type":"ReadAction","target":["https:\/\/www.wybierzmyrazem.pl\/index.php\/2022\/12\/04\/radca-prawny-kim-jest\/"]}]},{"@type":"BreadcrumbList","@id":"https:\/\/www.wybierzmyrazem.pl\/index.php\/2022\/12\/04\/radca-prawny-kim-jest\/#breadcrumb","itemListElement":[{"@type":"ListItem","position":1,"name":"Strona g\u0142\u00f3wna","item":"https:\/\/www.wybierzmyrazem.pl\/"},{"@type":"ListItem","position":2,"name":"Radca prawny &#8211; kim jest?"}]},{"@type":"WebSite","@id":"https:\/\/www.wybierzmyrazem.pl\/#website","url":"https:\/\/www.wybierzmyrazem.pl\/","name":"wybierzmyrazem.pl","description":"Tw\u00f3j ulubiony blog!","publisher":{"@id":"https:\/\/www.wybierzmyrazem.pl\/#organization"},"potentialAction":[{"@type":"SearchAction","target":{"@type":"EntryPoint","urlTemplate":"https:\/\/www.wybierzmyrazem.pl\/?s={search_term_string}"},"query-input":{"@type":"PropertyValueSpecification","valueRequired":true,"valueName":"search_term_string"}}],"inLanguage":"pl-PL"},{"@type":"Organization","@id":"https:\/\/www.wybierzmyrazem.pl\/#organization","name":"wybierzmyrazem.pl","url":"https:\/\/www.wybierzmyrazem.pl\/","logo":{"@type":"ImageObject","inLanguage":"pl-PL","@id":"https:\/\/www.wybierzmyrazem.pl\/#\/schema\/logo\/image\/","url":"https:\/\/www.wybierzmyrazem.pl\/wp-content\/uploads\/2022\/05\/Screenshot.png","contentUrl":"https:\/\/www.wybierzmyrazem.pl\/wp-content\/uploads\/2022\/05\/Screenshot.png","width":321,"height":243,"caption":"wybierzmyrazem.pl"},"image":{"@id":"https:\/\/www.wybierzmyrazem.pl\/#\/schema\/logo\/image\/"}},{"@type":"Person","@id":"https:\/\/www.wybierzmyrazem.pl\/#\/schema\/person\/63c38787c47f7fdd6991c64a3736de08","name":"dev5e2","image":{"@type":"ImageObject","inLanguage":"pl-PL","@id":"https:\/\/secure.gravatar.com\/avatar\/074e977b919a27539450977a304f65b9a1233c5635db562dd184870dbba1fbc0?s=96&d=mm&r=g","url":"https:\/\/secure.gravatar.com\/avatar\/074e977b919a27539450977a304f65b9a1233c5635db562dd184870dbba1fbc0?s=96&d=mm&r=g","contentUrl":"https:\/\/secure.gravatar.com\/avatar\/074e977b919a27539450977a304f65b9a1233c5635db562dd184870dbba1fbc0?s=96&d=mm&r=g","caption":"dev5e2"},"sameAs":["http:\/\/wybierzmyrazem.pl"]}]}},"_links":{"self":[{"href":"https:\/\/www.wybierzmyrazem.pl\/index.php\/wp-json\/wp\/v2\/posts\/171","targetHints":{"allow":["GET"]}}],"collection":[{"href":"https:\/\/www.wybierzmyrazem.pl\/index.php\/wp-json\/wp\/v2\/posts"}],"about":[{"href":"https:\/\/www.wybierzmyrazem.pl\/index.php\/wp-json\/wp\/v2\/types\/post"}],"author":[{"embeddable":true,"href":"https:\/\/www.wybierzmyrazem.pl\/index.php\/wp-json\/wp\/v2\/users\/1"}],"replies":[{"embeddable":true,"href":"https:\/\/www.wybierzmyrazem.pl\/index.php\/wp-json\/wp\/v2\/comments?post=171"}],"version-history":[{"count":1,"href":"https:\/\/www.wybierzmyrazem.pl\/index.php\/wp-json\/wp\/v2\/posts\/171\/revisions"}],"predecessor-version":[{"id":1338,"href":"https:\/\/www.wybierzmyrazem.pl\/index.php\/wp-json\/wp\/v2\/posts\/171\/revisions\/1338"}],"wp:attachment":[{"href":"https:\/\/www.wybierzmyrazem.pl\/index.php\/wp-json\/wp\/v2\/media?parent=171"}],"wp:term":[{"taxonomy":"category","embeddable":true,"href":"https:\/\/www.wybierzmyrazem.pl\/index.php\/wp-json\/wp\/v2\/categories?post=171"},{"taxonomy":"post_tag","embeddable":true,"href":"https:\/\/www.wybierzmyrazem.pl\/index.php\/wp-json\/wp\/v2\/tags?post=171"}],"curies":[{"name":"wp","href":"https:\/\/api.w.org\/{rel}","templated":true}]}}