{"id":179,"date":"2022-12-03T16:30:45","date_gmt":"2022-12-03T15:30:45","guid":{"rendered":"https:\/\/www.wybierzmyrazem.pl\/index.php\/2022\/12\/03\/jak-wyglada-zabieg-mezoterapii-iglowej\/"},"modified":"2023-07-04T13:27:25","modified_gmt":"2023-07-04T11:27:25","slug":"jak-wyglada-zabieg-mezoterapii-iglowej","status":"publish","type":"post","link":"https:\/\/www.wybierzmyrazem.pl\/index.php\/2022\/12\/03\/jak-wyglada-zabieg-mezoterapii-iglowej\/","title":{"rendered":"Jak wygl\u0105da zabieg mezoterapii ig\u0142owej?"},"content":{"rendered":"<p>Szybki i sukcesywny rozw\u00f3j poszczeg\u00f3lnych obszar\u00f3w medycyny estetycznej zaowocowa\u0142 pojawieniem si\u0119 na rynku wielu ciekawych technik. Cele tego typu zabieg\u00f3w obejmuj\u0105 przede wszystkim regeneracj\u0119, nawil\u017cenie, redukcj\u0119 zmarszczek, uj\u0119drnienie, wyr\u00f3wnanie kolorytu czy wzmocnienie bariery hydrolipidowej.<\/p>\n<p>Jedn\u0105 z najskuteczniejszych i najcz\u0119\u015bciej stosowanych metod jest <a href=\"https:\/\/www.smartpranie.pl\/\">mezoterapia mikroig\u0142owa. Ostrowiec<\/a> to jedno z wielu miast w Polsce, w kt\u00f3rych mo\u017cna skorzysta\u0107 z us\u0142ug profesjonalnych gabinet\u00f3w w tym zakresie. Zabieg mezoterapii ig\u0142owej przeprowadza si\u0119 g\u0142\u00f3wnie na twarzy, szyi, dekolcie, udach, g\u0142owie czy brzuchu. Jak wygl\u0105da w praktyce?<\/p>\n<h2><a id=\"_aqqsft43tc9c\"><\/a>Czym jest i jak przebiega zabieg mezoterapii mikroig\u0142owej? | Ostrowiec<\/h2>\n<p>Mezoterapia mikroig\u0142owa to ma\u0142oinwazyjny zabieg, podczas kt\u00f3rego wykorzystuje si\u0119 cienkie ig\u0142y osadzone na g\u0142owicy specjalistycznego urz\u0105dzenia. Nak\u0142uwanie sk\u00f3ry powoduje mikrouszkodzenia, kt\u00f3re s\u0105 zamierzonym efektem. Naczynia o naruszonej strukturze rozpoczynaj\u0105 intensywny proces regeneracyjny tkanek. Dzi\u0119ki temu sk\u00f3ra uj\u0119drnia si\u0119, odzyskuje naturalny koloryt i staje si\u0119 promienna.<\/p>\n<p>Podczas wykonywania zabiegu mezoterapii mikroig\u0142owej za spraw\u0105 nak\u0142u\u0107 aplikowane s\u0105 tak\u017ce substancje od\u017cywcze. Iniekcja kwasu hialuronowego, witamin czy peptyd\u00f3w usprawnia proces rewitalizacji sk\u00f3ry. Ilo\u015b\u0107 i rodzaj preparatu dobierany jest w spos\u00f3b indywidualny \u2013 w zale\u017cno\u015bci od miejsca wykonywanego zabiegu, kondycji sk\u00f3ry, a tak\u017ce oczekiwanych przez klienta efekt\u00f3w.<\/p>\n<h2><a id=\"_80ut75wfuu3r\"><\/a>Zalety zabiegu mezoterapii ig\u0142owej | Ostrowiec<\/h2>\n<p>Wykonanie zabiegu mezoterapii ig\u0142owej niesie mas\u0119 korzy\u015bci. Wiele zale\u017cy jednak od rodzaju iniektowanej substancji oraz miejsca na ciele, na kt\u00f3rym podejmowane s\u0105 dzia\u0142ania. Pobudzenie sk\u00f3ry do regeneracji za pomoc\u0105 nak\u0142u\u0107 spowalnia proces starzenia si\u0119 cery, redukuje zmarszczki i cellulit, poprawia elastyczno\u015b\u0107, zmniejsza widoczno\u015b\u0107 p\u0119kni\u0119tych naczynek czy przy\u015bpiesza proces wzrostu w\u0142os\u00f3w.<\/p>\n<p>Niezaprzeczaln\u0105 zalet\u0105 mezoterapii ig\u0142owej jest uniwersalno\u015b\u0107. Dok\u0142adnie opracowana technika nak\u0142u\u0107 i wykorzystanie drogocennych substancji dla sk\u00f3ry to idealna synergia, dzi\u0119ki kt\u00f3rej specjali\u015bci mog\u0105 skutecznie przeciwdzia\u0142a\u0107 wielu problemom kosmetologicznym.<\/p>\n<h2><a id=\"_p8ejxvvci4zs\"><\/a>Przeciwwskazania do wykonywania zabiegu mezoterapii mikroig\u0142owej | Ostrowiec<\/h2>\n<p>Przed zapisaniem na mezoterapi\u0119 ig\u0142ow\u0105 warto zapozna\u0107 si\u0119 z opiniami os\u00f3b, kt\u00f3re skorzysta\u0142y z us\u0142ugi w danym gabinecie. Nie ulega w\u0105tpliwo\u015bci, \u017ce zabiegi z obszaru medycyny estetycznej wymagaj\u0105 specjalistycznej wiedzy i kompetencji. Osoba odpowiedzialna za wykonywanie zabiegu powinna przeprowadzi\u0107 szczeg\u00f3\u0142owy wywiad z pacjentem oraz pom\u00f3c w doborze odpowiedniej substancji od\u017cywczej.<\/p>\n<p>Profesjonalne kliniki i gabinety posiadaj\u0105 nowoczesny, sprawdzony oraz specjalistyczny sprz\u0119t, dzi\u0119ki kt\u00f3remu us\u0142uga mezoterapii ig\u0142owej mo\u017ce by\u0107 wykonywana w spos\u00f3b precyzyjny, efektywny, a tak\u017ce ma\u0142oinwazyjny. W przypadku jakichkolwiek w\u0105tpliwo\u015bci co do stosowno\u015bci korzystania z zabiegu warto zdecydowa\u0107 si\u0119 na indywidualn\u0105 konsultacj\u0119 ze specjalist\u0105.<\/p>\n","protected":false},"excerpt":{"rendered":"<p>Szybki i sukcesywny rozw\u00f3j poszczeg\u00f3lnych obszar\u00f3w medycyny estetycznej zaowocowa\u0142 pojawieniem si\u0119 na rynku wielu ciekawych technik. Cele tego typu zabieg\u00f3w obejmuj\u0105 przede wszystkim regeneracj\u0119, nawil\u017cenie, redukcj\u0119 zmarszczek, uj\u0119drnienie, wyr\u00f3wnanie kolorytu&#8230;<\/p>\n","protected":false},"author":1,"featured_media":178,"comment_status":"closed","ping_status":"closed","sticky":false,"template":"","format":"standard","meta":{"footnotes":""},"categories":[1],"tags":[],"class_list":["post-179","post","type-post","status-publish","format-standard","has-post-thumbnail","hentry","category-bez-kategorii"],"yoast_head":"<!-- This site is optimized with the Yoast SEO plugin v27.4 - https:\/\/yoast.com\/product\/yoast-seo-wordpress\/ -->\n<title>Jak wygl\u0105da zabieg mezoterapii ig\u0142owej? - wybierzmyrazem.pl<\/title>\n<meta name=\"robots\" content=\"index, follow, max-snippet:-1, max-image-preview:large, max-video-preview:-1\" \/>\n<link rel=\"canonical\" href=\"https:\/\/www.wybierzmyrazem.pl\/index.php\/2022\/12\/03\/jak-wyglada-zabieg-mezoterapii-iglowej\/\" \/>\n<meta property=\"og:locale\" content=\"pl_PL\" \/>\n<meta property=\"og:type\" content=\"article\" \/>\n<meta property=\"og:title\" content=\"Jak wygl\u0105da zabieg mezoterapii ig\u0142owej? - wybierzmyrazem.pl\" \/>\n<meta property=\"og:description\" content=\"Szybki i sukcesywny rozw\u00f3j poszczeg\u00f3lnych obszar\u00f3w medycyny estetycznej zaowocowa\u0142 pojawieniem si\u0119 na rynku wielu ciekawych technik. Cele tego typu zabieg\u00f3w obejmuj\u0105 przede wszystkim regeneracj\u0119, nawil\u017cenie, redukcj\u0119 zmarszczek, uj\u0119drnienie, wyr\u00f3wnanie kolorytu...\" \/>\n<meta property=\"og:url\" content=\"https:\/\/www.wybierzmyrazem.pl\/index.php\/2022\/12\/03\/jak-wyglada-zabieg-mezoterapii-iglowej\/\" \/>\n<meta property=\"og:site_name\" content=\"wybierzmyrazem.pl\" \/>\n<meta property=\"article:published_time\" content=\"2022-12-03T15:30:45+00:00\" \/>\n<meta property=\"article:modified_time\" content=\"2023-07-04T11:27:25+00:00\" \/>\n<meta property=\"og:image\" content=\"https:\/\/www.wybierzmyrazem.pl\/wp-content\/uploads\/2022\/12\/g6b83cd7fde4c579d158e43d5134157a8d5a617d69d05b1c6be5259a5b124c171f8b1be9a83abda5ba3485eb1de2335aeb47249d473b00c09a9ff10b9db31f214_1280.jpg\" \/>\n\t<meta property=\"og:image:width\" content=\"1280\" \/>\n\t<meta property=\"og:image:height\" content=\"853\" \/>\n\t<meta property=\"og:image:type\" content=\"image\/jpeg\" \/>\n<meta name=\"author\" content=\"dev5e2\" \/>\n<meta name=\"twitter:card\" content=\"summary_large_image\" \/>\n<meta name=\"twitter:label1\" content=\"Napisane przez\" \/>\n\t<meta name=\"twitter:data1\" content=\"dev5e2\" \/>\n\t<meta name=\"twitter:label2\" content=\"Szacowany czas czytania\" \/>\n\t<meta name=\"twitter:data2\" content=\"2 minuty\" \/>\n<script type=\"application\/ld+json\" class=\"yoast-schema-graph\">{\"@context\":\"https:\\\/\\\/schema.org\",\"@graph\":[{\"@type\":\"Article\",\"@id\":\"https:\\\/\\\/www.wybierzmyrazem.pl\\\/index.php\\\/2022\\\/12\\\/03\\\/jak-wyglada-zabieg-mezoterapii-iglowej\\\/#article\",\"isPartOf\":{\"@id\":\"https:\\\/\\\/www.wybierzmyrazem.pl\\\/index.php\\\/2022\\\/12\\\/03\\\/jak-wyglada-zabieg-mezoterapii-iglowej\\\/\"},\"author\":{\"name\":\"dev5e2\",\"@id\":\"https:\\\/\\\/www.wybierzmyrazem.pl\\\/#\\\/schema\\\/person\\\/63c38787c47f7fdd6991c64a3736de08\"},\"headline\":\"Jak wygl\u0105da zabieg mezoterapii ig\u0142owej?\",\"datePublished\":\"2022-12-03T15:30:45+00:00\",\"dateModified\":\"2023-07-04T11:27:25+00:00\",\"mainEntityOfPage\":{\"@id\":\"https:\\\/\\\/www.wybierzmyrazem.pl\\\/index.php\\\/2022\\\/12\\\/03\\\/jak-wyglada-zabieg-mezoterapii-iglowej\\\/\"},\"wordCount\":457,\"publisher\":{\"@id\":\"https:\\\/\\\/www.wybierzmyrazem.pl\\\/#organization\"},\"image\":{\"@id\":\"https:\\\/\\\/www.wybierzmyrazem.pl\\\/index.php\\\/2022\\\/12\\\/03\\\/jak-wyglada-zabieg-mezoterapii-iglowej\\\/#primaryimage\"},\"thumbnailUrl\":\"https:\\\/\\\/www.wybierzmyrazem.pl\\\/wp-content\\\/uploads\\\/2022\\\/12\\\/g6b83cd7fde4c579d158e43d5134157a8d5a617d69d05b1c6be5259a5b124c171f8b1be9a83abda5ba3485eb1de2335aeb47249d473b00c09a9ff10b9db31f214_1280.jpg\",\"inLanguage\":\"pl-PL\"},{\"@type\":\"WebPage\",\"@id\":\"https:\\\/\\\/www.wybierzmyrazem.pl\\\/index.php\\\/2022\\\/12\\\/03\\\/jak-wyglada-zabieg-mezoterapii-iglowej\\\/\",\"url\":\"https:\\\/\\\/www.wybierzmyrazem.pl\\\/index.php\\\/2022\\\/12\\\/03\\\/jak-wyglada-zabieg-mezoterapii-iglowej\\\/\",\"name\":\"Jak wygl\u0105da zabieg mezoterapii ig\u0142owej? - wybierzmyrazem.pl\",\"isPartOf\":{\"@id\":\"https:\\\/\\\/www.wybierzmyrazem.pl\\\/#website\"},\"primaryImageOfPage\":{\"@id\":\"https:\\\/\\\/www.wybierzmyrazem.pl\\\/index.php\\\/2022\\\/12\\\/03\\\/jak-wyglada-zabieg-mezoterapii-iglowej\\\/#primaryimage\"},\"image\":{\"@id\":\"https:\\\/\\\/www.wybierzmyrazem.pl\\\/index.php\\\/2022\\\/12\\\/03\\\/jak-wyglada-zabieg-mezoterapii-iglowej\\\/#primaryimage\"},\"thumbnailUrl\":\"https:\\\/\\\/www.wybierzmyrazem.pl\\\/wp-content\\\/uploads\\\/2022\\\/12\\\/g6b83cd7fde4c579d158e43d5134157a8d5a617d69d05b1c6be5259a5b124c171f8b1be9a83abda5ba3485eb1de2335aeb47249d473b00c09a9ff10b9db31f214_1280.jpg\",\"datePublished\":\"2022-12-03T15:30:45+00:00\",\"dateModified\":\"2023-07-04T11:27:25+00:00\",\"breadcrumb\":{\"@id\":\"https:\\\/\\\/www.wybierzmyrazem.pl\\\/index.php\\\/2022\\\/12\\\/03\\\/jak-wyglada-zabieg-mezoterapii-iglowej\\\/#breadcrumb\"},\"inLanguage\":\"pl-PL\",\"potentialAction\":[{\"@type\":\"ReadAction\",\"target\":[\"https:\\\/\\\/www.wybierzmyrazem.pl\\\/index.php\\\/2022\\\/12\\\/03\\\/jak-wyglada-zabieg-mezoterapii-iglowej\\\/\"]}]},{\"@type\":\"ImageObject\",\"inLanguage\":\"pl-PL\",\"@id\":\"https:\\\/\\\/www.wybierzmyrazem.pl\\\/index.php\\\/2022\\\/12\\\/03\\\/jak-wyglada-zabieg-mezoterapii-iglowej\\\/#primaryimage\",\"url\":\"https:\\\/\\\/www.wybierzmyrazem.pl\\\/wp-content\\\/uploads\\\/2022\\\/12\\\/g6b83cd7fde4c579d158e43d5134157a8d5a617d69d05b1c6be5259a5b124c171f8b1be9a83abda5ba3485eb1de2335aeb47249d473b00c09a9ff10b9db31f214_1280.jpg\",\"contentUrl\":\"https:\\\/\\\/www.wybierzmyrazem.pl\\\/wp-content\\\/uploads\\\/2022\\\/12\\\/g6b83cd7fde4c579d158e43d5134157a8d5a617d69d05b1c6be5259a5b124c171f8b1be9a83abda5ba3485eb1de2335aeb47249d473b00c09a9ff10b9db31f214_1280.jpg\",\"width\":1280,\"height\":853,\"caption\":\"skin care\"},{\"@type\":\"BreadcrumbList\",\"@id\":\"https:\\\/\\\/www.wybierzmyrazem.pl\\\/index.php\\\/2022\\\/12\\\/03\\\/jak-wyglada-zabieg-mezoterapii-iglowej\\\/#breadcrumb\",\"itemListElement\":[{\"@type\":\"ListItem\",\"position\":1,\"name\":\"Strona g\u0142\u00f3wna\",\"item\":\"https:\\\/\\\/www.wybierzmyrazem.pl\\\/\"},{\"@type\":\"ListItem\",\"position\":2,\"name\":\"Jak wygl\u0105da zabieg mezoterapii ig\u0142owej?\"}]},{\"@type\":\"WebSite\",\"@id\":\"https:\\\/\\\/www.wybierzmyrazem.pl\\\/#website\",\"url\":\"https:\\\/\\\/www.wybierzmyrazem.pl\\\/\",\"name\":\"wybierzmyrazem.pl\",\"description\":\"Tw\u00f3j ulubiony blog!\",\"publisher\":{\"@id\":\"https:\\\/\\\/www.wybierzmyrazem.pl\\\/#organization\"},\"potentialAction\":[{\"@type\":\"SearchAction\",\"target\":{\"@type\":\"EntryPoint\",\"urlTemplate\":\"https:\\\/\\\/www.wybierzmyrazem.pl\\\/?s={search_term_string}\"},\"query-input\":{\"@type\":\"PropertyValueSpecification\",\"valueRequired\":true,\"valueName\":\"search_term_string\"}}],\"inLanguage\":\"pl-PL\"},{\"@type\":\"Organization\",\"@id\":\"https:\\\/\\\/www.wybierzmyrazem.pl\\\/#organization\",\"name\":\"wybierzmyrazem.pl\",\"url\":\"https:\\\/\\\/www.wybierzmyrazem.pl\\\/\",\"logo\":{\"@type\":\"ImageObject\",\"inLanguage\":\"pl-PL\",\"@id\":\"https:\\\/\\\/www.wybierzmyrazem.pl\\\/#\\\/schema\\\/logo\\\/image\\\/\",\"url\":\"https:\\\/\\\/www.wybierzmyrazem.pl\\\/wp-content\\\/uploads\\\/2022\\\/05\\\/Screenshot.png\",\"contentUrl\":\"https:\\\/\\\/www.wybierzmyrazem.pl\\\/wp-content\\\/uploads\\\/2022\\\/05\\\/Screenshot.png\",\"width\":321,\"height\":243,\"caption\":\"wybierzmyrazem.pl\"},\"image\":{\"@id\":\"https:\\\/\\\/www.wybierzmyrazem.pl\\\/#\\\/schema\\\/logo\\\/image\\\/\"}},{\"@type\":\"Person\",\"@id\":\"https:\\\/\\\/www.wybierzmyrazem.pl\\\/#\\\/schema\\\/person\\\/63c38787c47f7fdd6991c64a3736de08\",\"name\":\"dev5e2\",\"image\":{\"@type\":\"ImageObject\",\"inLanguage\":\"pl-PL\",\"@id\":\"https:\\\/\\\/secure.gravatar.com\\\/avatar\\\/074e977b919a27539450977a304f65b9a1233c5635db562dd184870dbba1fbc0?s=96&d=mm&r=g\",\"url\":\"https:\\\/\\\/secure.gravatar.com\\\/avatar\\\/074e977b919a27539450977a304f65b9a1233c5635db562dd184870dbba1fbc0?s=96&d=mm&r=g\",\"contentUrl\":\"https:\\\/\\\/secure.gravatar.com\\\/avatar\\\/074e977b919a27539450977a304f65b9a1233c5635db562dd184870dbba1fbc0?s=96&d=mm&r=g\",\"caption\":\"dev5e2\"},\"sameAs\":[\"http:\\\/\\\/wybierzmyrazem.pl\"]}]}<\/script>\n<!-- \/ Yoast SEO plugin. -->","yoast_head_json":{"title":"Jak wygl\u0105da zabieg mezoterapii ig\u0142owej? - wybierzmyrazem.pl","robots":{"index":"index","follow":"follow","max-snippet":"max-snippet:-1","max-image-preview":"max-image-preview:large","max-video-preview":"max-video-preview:-1"},"canonical":"https:\/\/www.wybierzmyrazem.pl\/index.php\/2022\/12\/03\/jak-wyglada-zabieg-mezoterapii-iglowej\/","og_locale":"pl_PL","og_type":"article","og_title":"Jak wygl\u0105da zabieg mezoterapii ig\u0142owej? - wybierzmyrazem.pl","og_description":"Szybki i sukcesywny rozw\u00f3j poszczeg\u00f3lnych obszar\u00f3w medycyny estetycznej zaowocowa\u0142 pojawieniem si\u0119 na rynku wielu ciekawych technik. Cele tego typu zabieg\u00f3w obejmuj\u0105 przede wszystkim regeneracj\u0119, nawil\u017cenie, redukcj\u0119 zmarszczek, uj\u0119drnienie, wyr\u00f3wnanie kolorytu...","og_url":"https:\/\/www.wybierzmyrazem.pl\/index.php\/2022\/12\/03\/jak-wyglada-zabieg-mezoterapii-iglowej\/","og_site_name":"wybierzmyrazem.pl","article_published_time":"2022-12-03T15:30:45+00:00","article_modified_time":"2023-07-04T11:27:25+00:00","og_image":[{"width":1280,"height":853,"url":"https:\/\/www.wybierzmyrazem.pl\/wp-content\/uploads\/2022\/12\/g6b83cd7fde4c579d158e43d5134157a8d5a617d69d05b1c6be5259a5b124c171f8b1be9a83abda5ba3485eb1de2335aeb47249d473b00c09a9ff10b9db31f214_1280.jpg","type":"image\/jpeg"}],"author":"dev5e2","twitter_card":"summary_large_image","twitter_misc":{"Napisane przez":"dev5e2","Szacowany czas czytania":"2 minuty"},"schema":{"@context":"https:\/\/schema.org","@graph":[{"@type":"Article","@id":"https:\/\/www.wybierzmyrazem.pl\/index.php\/2022\/12\/03\/jak-wyglada-zabieg-mezoterapii-iglowej\/#article","isPartOf":{"@id":"https:\/\/www.wybierzmyrazem.pl\/index.php\/2022\/12\/03\/jak-wyglada-zabieg-mezoterapii-iglowej\/"},"author":{"name":"dev5e2","@id":"https:\/\/www.wybierzmyrazem.pl\/#\/schema\/person\/63c38787c47f7fdd6991c64a3736de08"},"headline":"Jak wygl\u0105da zabieg mezoterapii ig\u0142owej?","datePublished":"2022-12-03T15:30:45+00:00","dateModified":"2023-07-04T11:27:25+00:00","mainEntityOfPage":{"@id":"https:\/\/www.wybierzmyrazem.pl\/index.php\/2022\/12\/03\/jak-wyglada-zabieg-mezoterapii-iglowej\/"},"wordCount":457,"publisher":{"@id":"https:\/\/www.wybierzmyrazem.pl\/#organization"},"image":{"@id":"https:\/\/www.wybierzmyrazem.pl\/index.php\/2022\/12\/03\/jak-wyglada-zabieg-mezoterapii-iglowej\/#primaryimage"},"thumbnailUrl":"https:\/\/www.wybierzmyrazem.pl\/wp-content\/uploads\/2022\/12\/g6b83cd7fde4c579d158e43d5134157a8d5a617d69d05b1c6be5259a5b124c171f8b1be9a83abda5ba3485eb1de2335aeb47249d473b00c09a9ff10b9db31f214_1280.jpg","inLanguage":"pl-PL"},{"@type":"WebPage","@id":"https:\/\/www.wybierzmyrazem.pl\/index.php\/2022\/12\/03\/jak-wyglada-zabieg-mezoterapii-iglowej\/","url":"https:\/\/www.wybierzmyrazem.pl\/index.php\/2022\/12\/03\/jak-wyglada-zabieg-mezoterapii-iglowej\/","name":"Jak wygl\u0105da zabieg mezoterapii ig\u0142owej? - wybierzmyrazem.pl","isPartOf":{"@id":"https:\/\/www.wybierzmyrazem.pl\/#website"},"primaryImageOfPage":{"@id":"https:\/\/www.wybierzmyrazem.pl\/index.php\/2022\/12\/03\/jak-wyglada-zabieg-mezoterapii-iglowej\/#primaryimage"},"image":{"@id":"https:\/\/www.wybierzmyrazem.pl\/index.php\/2022\/12\/03\/jak-wyglada-zabieg-mezoterapii-iglowej\/#primaryimage"},"thumbnailUrl":"https:\/\/www.wybierzmyrazem.pl\/wp-content\/uploads\/2022\/12\/g6b83cd7fde4c579d158e43d5134157a8d5a617d69d05b1c6be5259a5b124c171f8b1be9a83abda5ba3485eb1de2335aeb47249d473b00c09a9ff10b9db31f214_1280.jpg","datePublished":"2022-12-03T15:30:45+00:00","dateModified":"2023-07-04T11:27:25+00:00","breadcrumb":{"@id":"https:\/\/www.wybierzmyrazem.pl\/index.php\/2022\/12\/03\/jak-wyglada-zabieg-mezoterapii-iglowej\/#breadcrumb"},"inLanguage":"pl-PL","potentialAction":[{"@type":"ReadAction","target":["https:\/\/www.wybierzmyrazem.pl\/index.php\/2022\/12\/03\/jak-wyglada-zabieg-mezoterapii-iglowej\/"]}]},{"@type":"ImageObject","inLanguage":"pl-PL","@id":"https:\/\/www.wybierzmyrazem.pl\/index.php\/2022\/12\/03\/jak-wyglada-zabieg-mezoterapii-iglowej\/#primaryimage","url":"https:\/\/www.wybierzmyrazem.pl\/wp-content\/uploads\/2022\/12\/g6b83cd7fde4c579d158e43d5134157a8d5a617d69d05b1c6be5259a5b124c171f8b1be9a83abda5ba3485eb1de2335aeb47249d473b00c09a9ff10b9db31f214_1280.jpg","contentUrl":"https:\/\/www.wybierzmyrazem.pl\/wp-content\/uploads\/2022\/12\/g6b83cd7fde4c579d158e43d5134157a8d5a617d69d05b1c6be5259a5b124c171f8b1be9a83abda5ba3485eb1de2335aeb47249d473b00c09a9ff10b9db31f214_1280.jpg","width":1280,"height":853,"caption":"skin care"},{"@type":"BreadcrumbList","@id":"https:\/\/www.wybierzmyrazem.pl\/index.php\/2022\/12\/03\/jak-wyglada-zabieg-mezoterapii-iglowej\/#breadcrumb","itemListElement":[{"@type":"ListItem","position":1,"name":"Strona g\u0142\u00f3wna","item":"https:\/\/www.wybierzmyrazem.pl\/"},{"@type":"ListItem","position":2,"name":"Jak wygl\u0105da zabieg mezoterapii ig\u0142owej?"}]},{"@type":"WebSite","@id":"https:\/\/www.wybierzmyrazem.pl\/#website","url":"https:\/\/www.wybierzmyrazem.pl\/","name":"wybierzmyrazem.pl","description":"Tw\u00f3j ulubiony blog!","publisher":{"@id":"https:\/\/www.wybierzmyrazem.pl\/#organization"},"potentialAction":[{"@type":"SearchAction","target":{"@type":"EntryPoint","urlTemplate":"https:\/\/www.wybierzmyrazem.pl\/?s={search_term_string}"},"query-input":{"@type":"PropertyValueSpecification","valueRequired":true,"valueName":"search_term_string"}}],"inLanguage":"pl-PL"},{"@type":"Organization","@id":"https:\/\/www.wybierzmyrazem.pl\/#organization","name":"wybierzmyrazem.pl","url":"https:\/\/www.wybierzmyrazem.pl\/","logo":{"@type":"ImageObject","inLanguage":"pl-PL","@id":"https:\/\/www.wybierzmyrazem.pl\/#\/schema\/logo\/image\/","url":"https:\/\/www.wybierzmyrazem.pl\/wp-content\/uploads\/2022\/05\/Screenshot.png","contentUrl":"https:\/\/www.wybierzmyrazem.pl\/wp-content\/uploads\/2022\/05\/Screenshot.png","width":321,"height":243,"caption":"wybierzmyrazem.pl"},"image":{"@id":"https:\/\/www.wybierzmyrazem.pl\/#\/schema\/logo\/image\/"}},{"@type":"Person","@id":"https:\/\/www.wybierzmyrazem.pl\/#\/schema\/person\/63c38787c47f7fdd6991c64a3736de08","name":"dev5e2","image":{"@type":"ImageObject","inLanguage":"pl-PL","@id":"https:\/\/secure.gravatar.com\/avatar\/074e977b919a27539450977a304f65b9a1233c5635db562dd184870dbba1fbc0?s=96&d=mm&r=g","url":"https:\/\/secure.gravatar.com\/avatar\/074e977b919a27539450977a304f65b9a1233c5635db562dd184870dbba1fbc0?s=96&d=mm&r=g","contentUrl":"https:\/\/secure.gravatar.com\/avatar\/074e977b919a27539450977a304f65b9a1233c5635db562dd184870dbba1fbc0?s=96&d=mm&r=g","caption":"dev5e2"},"sameAs":["http:\/\/wybierzmyrazem.pl"]}]}},"_links":{"self":[{"href":"https:\/\/www.wybierzmyrazem.pl\/index.php\/wp-json\/wp\/v2\/posts\/179","targetHints":{"allow":["GET"]}}],"collection":[{"href":"https:\/\/www.wybierzmyrazem.pl\/index.php\/wp-json\/wp\/v2\/posts"}],"about":[{"href":"https:\/\/www.wybierzmyrazem.pl\/index.php\/wp-json\/wp\/v2\/types\/post"}],"author":[{"embeddable":true,"href":"https:\/\/www.wybierzmyrazem.pl\/index.php\/wp-json\/wp\/v2\/users\/1"}],"replies":[{"embeddable":true,"href":"https:\/\/www.wybierzmyrazem.pl\/index.php\/wp-json\/wp\/v2\/comments?post=179"}],"version-history":[{"count":1,"href":"https:\/\/www.wybierzmyrazem.pl\/index.php\/wp-json\/wp\/v2\/posts\/179\/revisions"}],"predecessor-version":[{"id":675,"href":"https:\/\/www.wybierzmyrazem.pl\/index.php\/wp-json\/wp\/v2\/posts\/179\/revisions\/675"}],"wp:featuredmedia":[{"embeddable":true,"href":"https:\/\/www.wybierzmyrazem.pl\/index.php\/wp-json\/wp\/v2\/media\/178"}],"wp:attachment":[{"href":"https:\/\/www.wybierzmyrazem.pl\/index.php\/wp-json\/wp\/v2\/media?parent=179"}],"wp:term":[{"taxonomy":"category","embeddable":true,"href":"https:\/\/www.wybierzmyrazem.pl\/index.php\/wp-json\/wp\/v2\/categories?post=179"},{"taxonomy":"post_tag","embeddable":true,"href":"https:\/\/www.wybierzmyrazem.pl\/index.php\/wp-json\/wp\/v2\/tags?post=179"}],"curies":[{"name":"wp","href":"https:\/\/api.w.org\/{rel}","templated":true}]}}