{"id":269,"date":"2023-01-05T16:30:45","date_gmt":"2023-01-05T15:30:45","guid":{"rendered":"https:\/\/www.wybierzmyrazem.pl\/index.php\/2023\/01\/05\/dlaczego-warto-posiadac-szafe-garazowa\/"},"modified":"2024-11-13T15:09:02","modified_gmt":"2024-11-13T14:09:02","slug":"dlaczego-warto-posiadac-szafe-garazowa","status":"publish","type":"post","link":"https:\/\/www.wybierzmyrazem.pl\/index.php\/2023\/01\/05\/dlaczego-warto-posiadac-szafe-garazowa\/","title":{"rendered":"Dlaczego warto posiada\u0107 szafe gara\u017cow\u0105?"},"content":{"rendered":"<p>Gara\u017c to praktyczne miejsce, w kt\u00f3rym nie tylko parkujemy samoch\u00f3d, ale przechowujemy wiele przydatnych akcesori\u00f3w i wykonujemy drobne naprawy. St\u0105d te\u017c warto zadba\u0107 o odpowiedni\u0105 organizacj\u0119 w tym miejscu, w czym mog\u0105 pom\u00f3c dobrze dobrane meble. Na szczeg\u00f3ln\u0105 uwag\u0119 zas\u0142uguj\u0105 nowoczesne szafy gara\u017cowe. Dlaczego warto w nie inwestowa\u0107 i czym si\u0119 kierowa\u0107 podczas wyboru?<\/p>\n<h2><a id=\"_otvp36d19yh1\"><\/a>Szafa gara\u017cowa Warszawa &#8211; dlaczego warto?<\/h2>\n<p>Przydomowy gara\u017c kojarzy nam si\u0119 przede wszystkim z miejscem, w kt\u00f3rym parkujemy samoch\u00f3d i oczywi\u015bcie jest to jego g\u0142\u00f3wna funkcja, jednak nie da si\u0119 zaprzecza\u0107, \u017ce mo\u017ce by\u0107 znacznie bardziej funkcjonalnym miejscem. To tam najlepiej wykonuje si\u0119 drobne naprawy domowego sprz\u0119tu. R\u00f3wnie\u017c w gara\u017cu przechowujemy wiele przydatnych produkt\u00f3w, kt\u00f3re s\u0105 na przyk\u0142ad potrzebne do eksploatacji wspomnianego samochodu czy stanowi\u0105 sprz\u0119t gospodarczy (np. narz\u0119dzia ogrodowe, je\u017celi takowy uprawiamy, a wi\u0119c \u0142opata, grabie czy te\u017c kosiarka). Dzi\u0119ki dobrej organizacji przestrzeni mo\u017cemy magazynowa\u0107 w gara\u017cu stosunkowo sporo rzeczy, maksymalizuj\u0105c przy tym powierzchni\u0119 u\u017cytkow\u0105. Dlatego w\u0142a\u015bnie dobre szafy gara\u017cowe s\u0105 dobrym wyborem &#8211; dzi\u0119ki nim zachowamy schludno\u015b\u0107 i przechowamy wiele akcesori\u00f3w.<\/p>\n<h2><a id=\"_lzx7v4tz7rwe\"><\/a>Szafa gara\u017cowa Warszawa &#8211; jak\u0105 szaf\u0119 wybra\u0107?<\/h2>\n<p>Przed wybraniem szafy gara\u017cowej (Warszawa) nale\u017cy przede wszystkim zastanowi\u0107 si\u0119, co b\u0119dziemy w niej przechowywa\u0107. To wa\u017cne, poniewa\u017c tego rodzaju produkty posiadaj\u0105 zr\u00f3\u017cnicowane wn\u0119trze &#8211; czasem to tylko zwyk\u0142e p\u00f3\u0142ki, czasem jednak szafa jest wyposa\u017cona w wieszaki na narz\u0119dzia, ma\u0142e szufladki na \u015brubki, nakr\u0119tki czy drobne akcesoria, szuflady czy uchwyty na rzeczy pokroju odzie\u017cy roboczej. Je\u015bli wi\u0119c chcemy w niej schowa\u0107 na przyk\u0142ad p\u0142yny eksploatacyjne (jak p\u0142yn ch\u0142odniczy, olej silnikowy), warto mie\u0107 w szafce wi\u0119ksz\u0105 p\u00f3\u0142k\u0119, a ponadto planuj\u0105c majsterkowanie czy drobne naprawy, dobrze wyposa\u017cy\u0107 si\u0119 w szaf\u0119 z szufladkami i miejscem na narz\u0119dzia i elektronarz\u0119dzia. Niekt\u00f3re modele mog\u0105 mie\u0107 tak\u017ce rozk\u0142adany stolik roboczy. <\/p>\n<p>Wiele szaf gara\u017cowych posiada konstrukcj\u0119 umo\u017cliwiaj\u0105c\u0105 modu\u0142owe \u201curz\u0105dzenie\u201d mebla. To zwykle liczne otwory, dzi\u0119ki kt\u00f3rym mo\u017cna umie\u015bci\u0107 p\u00f3\u0142k\u0119 na dowolnej wysoko\u015bci, dopasowa\u0107 szufladki, powiesi\u0107 narz\u0119dzia w wybranym miejscu itd. To wygodne rozwi\u0105zanie, je\u015bli po pewnym czasie zechcemy zmieni\u0107 aran\u017cacj\u0119 w szafie na bardziej (na dany moment) praktyczn\u0105.<\/p>\n<h2><a id=\"_h7ztjvjmztu6\"><\/a>Szafa gara\u017cowa Warszawa &#8211; cena<\/h2>\n<p>Ceny szaf gara\u017cowych s\u0105 naprawd\u0119 r\u00f3\u017cne i wiele zale\u017cy tak naprawd\u0119 od tego, czego potrzebujemy od produktu. Im bardziej rozbudowany produkt, tym koszt zakupu b\u0119dzie wy\u017cszy. Warto przed kupnem zorientowa\u0107 si\u0119, czy np. p\u00f3\u0142ki maj\u0105 dostateczny ud\u017awig (p\u00f3\u0142ki przeznaczone do przechowywania ci\u0119\u017cszych produkt\u00f3w s\u0105 oczywi\u015bcie dro\u017csze). Do tego dochodz\u0105 dodatkowe modu\u0142y, czyli wspomniane szufladki, szuflady, wieszaki czy uchwyty. Mo\u017cna r\u00f3wnie\u017c zleci\u0107 wykonanie szafy gara\u017cowej na podstawie projektu czy konkretnych wymiar\u00f3w, jakie mo\u017cemy przeznaczy\u0107 na mebel w gara\u017cu.<\/p>\n","protected":false},"excerpt":{"rendered":"<p>Gara\u017c to praktyczne miejsce, w kt\u00f3rym nie tylko parkujemy samoch\u00f3d, ale przechowujemy wiele przydatnych akcesori\u00f3w i wykonujemy drobne naprawy. St\u0105d te\u017c warto zadba\u0107 o odpowiedni\u0105 organizacj\u0119 w tym miejscu, w&#8230;<\/p>\n","protected":false},"author":1,"featured_media":0,"comment_status":"closed","ping_status":"closed","sticky":false,"template":"","format":"standard","meta":{"footnotes":""},"categories":[1],"tags":[],"class_list":["post-269","post","type-post","status-publish","format-standard","hentry","category-bez-kategorii"],"yoast_head":"<!-- This site is optimized with the Yoast SEO plugin v27.4 - https:\/\/yoast.com\/product\/yoast-seo-wordpress\/ -->\n<title>Dlaczego warto posiada\u0107 szafe gara\u017cow\u0105? - wybierzmyrazem.pl<\/title>\n<meta name=\"robots\" content=\"index, follow, max-snippet:-1, max-image-preview:large, max-video-preview:-1\" \/>\n<link rel=\"canonical\" href=\"https:\/\/www.wybierzmyrazem.pl\/index.php\/2023\/01\/05\/dlaczego-warto-posiadac-szafe-garazowa\/\" \/>\n<meta property=\"og:locale\" content=\"pl_PL\" \/>\n<meta property=\"og:type\" content=\"article\" \/>\n<meta property=\"og:title\" content=\"Dlaczego warto posiada\u0107 szafe gara\u017cow\u0105? - wybierzmyrazem.pl\" \/>\n<meta property=\"og:description\" content=\"Gara\u017c to praktyczne miejsce, w kt\u00f3rym nie tylko parkujemy samoch\u00f3d, ale przechowujemy wiele przydatnych akcesori\u00f3w i wykonujemy drobne naprawy. St\u0105d te\u017c warto zadba\u0107 o odpowiedni\u0105 organizacj\u0119 w tym miejscu, w...\" \/>\n<meta property=\"og:url\" content=\"https:\/\/www.wybierzmyrazem.pl\/index.php\/2023\/01\/05\/dlaczego-warto-posiadac-szafe-garazowa\/\" \/>\n<meta property=\"og:site_name\" content=\"wybierzmyrazem.pl\" \/>\n<meta property=\"article:published_time\" content=\"2023-01-05T15:30:45+00:00\" \/>\n<meta property=\"article:modified_time\" content=\"2024-11-13T14:09:02+00:00\" \/>\n<meta name=\"author\" content=\"dev5e2\" \/>\n<meta name=\"twitter:card\" content=\"summary_large_image\" \/>\n<meta name=\"twitter:label1\" content=\"Napisane przez\" \/>\n\t<meta name=\"twitter:data1\" content=\"dev5e2\" \/>\n\t<meta name=\"twitter:label2\" content=\"Szacowany czas czytania\" \/>\n\t<meta name=\"twitter:data2\" content=\"3 minuty\" \/>\n<script type=\"application\/ld+json\" class=\"yoast-schema-graph\">{\"@context\":\"https:\\\/\\\/schema.org\",\"@graph\":[{\"@type\":\"Article\",\"@id\":\"https:\\\/\\\/www.wybierzmyrazem.pl\\\/index.php\\\/2023\\\/01\\\/05\\\/dlaczego-warto-posiadac-szafe-garazowa\\\/#article\",\"isPartOf\":{\"@id\":\"https:\\\/\\\/www.wybierzmyrazem.pl\\\/index.php\\\/2023\\\/01\\\/05\\\/dlaczego-warto-posiadac-szafe-garazowa\\\/\"},\"author\":{\"name\":\"dev5e2\",\"@id\":\"https:\\\/\\\/www.wybierzmyrazem.pl\\\/#\\\/schema\\\/person\\\/63c38787c47f7fdd6991c64a3736de08\"},\"headline\":\"Dlaczego warto posiada\u0107 szafe gara\u017cow\u0105?\",\"datePublished\":\"2023-01-05T15:30:45+00:00\",\"dateModified\":\"2024-11-13T14:09:02+00:00\",\"mainEntityOfPage\":{\"@id\":\"https:\\\/\\\/www.wybierzmyrazem.pl\\\/index.php\\\/2023\\\/01\\\/05\\\/dlaczego-warto-posiadac-szafe-garazowa\\\/\"},\"wordCount\":511,\"publisher\":{\"@id\":\"https:\\\/\\\/www.wybierzmyrazem.pl\\\/#organization\"},\"inLanguage\":\"pl-PL\"},{\"@type\":\"WebPage\",\"@id\":\"https:\\\/\\\/www.wybierzmyrazem.pl\\\/index.php\\\/2023\\\/01\\\/05\\\/dlaczego-warto-posiadac-szafe-garazowa\\\/\",\"url\":\"https:\\\/\\\/www.wybierzmyrazem.pl\\\/index.php\\\/2023\\\/01\\\/05\\\/dlaczego-warto-posiadac-szafe-garazowa\\\/\",\"name\":\"Dlaczego warto posiada\u0107 szafe gara\u017cow\u0105? - wybierzmyrazem.pl\",\"isPartOf\":{\"@id\":\"https:\\\/\\\/www.wybierzmyrazem.pl\\\/#website\"},\"datePublished\":\"2023-01-05T15:30:45+00:00\",\"dateModified\":\"2024-11-13T14:09:02+00:00\",\"breadcrumb\":{\"@id\":\"https:\\\/\\\/www.wybierzmyrazem.pl\\\/index.php\\\/2023\\\/01\\\/05\\\/dlaczego-warto-posiadac-szafe-garazowa\\\/#breadcrumb\"},\"inLanguage\":\"pl-PL\",\"potentialAction\":[{\"@type\":\"ReadAction\",\"target\":[\"https:\\\/\\\/www.wybierzmyrazem.pl\\\/index.php\\\/2023\\\/01\\\/05\\\/dlaczego-warto-posiadac-szafe-garazowa\\\/\"]}]},{\"@type\":\"BreadcrumbList\",\"@id\":\"https:\\\/\\\/www.wybierzmyrazem.pl\\\/index.php\\\/2023\\\/01\\\/05\\\/dlaczego-warto-posiadac-szafe-garazowa\\\/#breadcrumb\",\"itemListElement\":[{\"@type\":\"ListItem\",\"position\":1,\"name\":\"Strona g\u0142\u00f3wna\",\"item\":\"https:\\\/\\\/www.wybierzmyrazem.pl\\\/\"},{\"@type\":\"ListItem\",\"position\":2,\"name\":\"Dlaczego warto posiada\u0107 szafe gara\u017cow\u0105?\"}]},{\"@type\":\"WebSite\",\"@id\":\"https:\\\/\\\/www.wybierzmyrazem.pl\\\/#website\",\"url\":\"https:\\\/\\\/www.wybierzmyrazem.pl\\\/\",\"name\":\"wybierzmyrazem.pl\",\"description\":\"Tw\u00f3j ulubiony blog!\",\"publisher\":{\"@id\":\"https:\\\/\\\/www.wybierzmyrazem.pl\\\/#organization\"},\"potentialAction\":[{\"@type\":\"SearchAction\",\"target\":{\"@type\":\"EntryPoint\",\"urlTemplate\":\"https:\\\/\\\/www.wybierzmyrazem.pl\\\/?s={search_term_string}\"},\"query-input\":{\"@type\":\"PropertyValueSpecification\",\"valueRequired\":true,\"valueName\":\"search_term_string\"}}],\"inLanguage\":\"pl-PL\"},{\"@type\":\"Organization\",\"@id\":\"https:\\\/\\\/www.wybierzmyrazem.pl\\\/#organization\",\"name\":\"wybierzmyrazem.pl\",\"url\":\"https:\\\/\\\/www.wybierzmyrazem.pl\\\/\",\"logo\":{\"@type\":\"ImageObject\",\"inLanguage\":\"pl-PL\",\"@id\":\"https:\\\/\\\/www.wybierzmyrazem.pl\\\/#\\\/schema\\\/logo\\\/image\\\/\",\"url\":\"https:\\\/\\\/www.wybierzmyrazem.pl\\\/wp-content\\\/uploads\\\/2022\\\/05\\\/Screenshot.png\",\"contentUrl\":\"https:\\\/\\\/www.wybierzmyrazem.pl\\\/wp-content\\\/uploads\\\/2022\\\/05\\\/Screenshot.png\",\"width\":321,\"height\":243,\"caption\":\"wybierzmyrazem.pl\"},\"image\":{\"@id\":\"https:\\\/\\\/www.wybierzmyrazem.pl\\\/#\\\/schema\\\/logo\\\/image\\\/\"}},{\"@type\":\"Person\",\"@id\":\"https:\\\/\\\/www.wybierzmyrazem.pl\\\/#\\\/schema\\\/person\\\/63c38787c47f7fdd6991c64a3736de08\",\"name\":\"dev5e2\",\"image\":{\"@type\":\"ImageObject\",\"inLanguage\":\"pl-PL\",\"@id\":\"https:\\\/\\\/secure.gravatar.com\\\/avatar\\\/074e977b919a27539450977a304f65b9a1233c5635db562dd184870dbba1fbc0?s=96&d=mm&r=g\",\"url\":\"https:\\\/\\\/secure.gravatar.com\\\/avatar\\\/074e977b919a27539450977a304f65b9a1233c5635db562dd184870dbba1fbc0?s=96&d=mm&r=g\",\"contentUrl\":\"https:\\\/\\\/secure.gravatar.com\\\/avatar\\\/074e977b919a27539450977a304f65b9a1233c5635db562dd184870dbba1fbc0?s=96&d=mm&r=g\",\"caption\":\"dev5e2\"},\"sameAs\":[\"http:\\\/\\\/wybierzmyrazem.pl\"]}]}<\/script>\n<!-- \/ Yoast SEO plugin. -->","yoast_head_json":{"title":"Dlaczego warto posiada\u0107 szafe gara\u017cow\u0105? - wybierzmyrazem.pl","robots":{"index":"index","follow":"follow","max-snippet":"max-snippet:-1","max-image-preview":"max-image-preview:large","max-video-preview":"max-video-preview:-1"},"canonical":"https:\/\/www.wybierzmyrazem.pl\/index.php\/2023\/01\/05\/dlaczego-warto-posiadac-szafe-garazowa\/","og_locale":"pl_PL","og_type":"article","og_title":"Dlaczego warto posiada\u0107 szafe gara\u017cow\u0105? - wybierzmyrazem.pl","og_description":"Gara\u017c to praktyczne miejsce, w kt\u00f3rym nie tylko parkujemy samoch\u00f3d, ale przechowujemy wiele przydatnych akcesori\u00f3w i wykonujemy drobne naprawy. St\u0105d te\u017c warto zadba\u0107 o odpowiedni\u0105 organizacj\u0119 w tym miejscu, w...","og_url":"https:\/\/www.wybierzmyrazem.pl\/index.php\/2023\/01\/05\/dlaczego-warto-posiadac-szafe-garazowa\/","og_site_name":"wybierzmyrazem.pl","article_published_time":"2023-01-05T15:30:45+00:00","article_modified_time":"2024-11-13T14:09:02+00:00","author":"dev5e2","twitter_card":"summary_large_image","twitter_misc":{"Napisane przez":"dev5e2","Szacowany czas czytania":"3 minuty"},"schema":{"@context":"https:\/\/schema.org","@graph":[{"@type":"Article","@id":"https:\/\/www.wybierzmyrazem.pl\/index.php\/2023\/01\/05\/dlaczego-warto-posiadac-szafe-garazowa\/#article","isPartOf":{"@id":"https:\/\/www.wybierzmyrazem.pl\/index.php\/2023\/01\/05\/dlaczego-warto-posiadac-szafe-garazowa\/"},"author":{"name":"dev5e2","@id":"https:\/\/www.wybierzmyrazem.pl\/#\/schema\/person\/63c38787c47f7fdd6991c64a3736de08"},"headline":"Dlaczego warto posiada\u0107 szafe gara\u017cow\u0105?","datePublished":"2023-01-05T15:30:45+00:00","dateModified":"2024-11-13T14:09:02+00:00","mainEntityOfPage":{"@id":"https:\/\/www.wybierzmyrazem.pl\/index.php\/2023\/01\/05\/dlaczego-warto-posiadac-szafe-garazowa\/"},"wordCount":511,"publisher":{"@id":"https:\/\/www.wybierzmyrazem.pl\/#organization"},"inLanguage":"pl-PL"},{"@type":"WebPage","@id":"https:\/\/www.wybierzmyrazem.pl\/index.php\/2023\/01\/05\/dlaczego-warto-posiadac-szafe-garazowa\/","url":"https:\/\/www.wybierzmyrazem.pl\/index.php\/2023\/01\/05\/dlaczego-warto-posiadac-szafe-garazowa\/","name":"Dlaczego warto posiada\u0107 szafe gara\u017cow\u0105? - wybierzmyrazem.pl","isPartOf":{"@id":"https:\/\/www.wybierzmyrazem.pl\/#website"},"datePublished":"2023-01-05T15:30:45+00:00","dateModified":"2024-11-13T14:09:02+00:00","breadcrumb":{"@id":"https:\/\/www.wybierzmyrazem.pl\/index.php\/2023\/01\/05\/dlaczego-warto-posiadac-szafe-garazowa\/#breadcrumb"},"inLanguage":"pl-PL","potentialAction":[{"@type":"ReadAction","target":["https:\/\/www.wybierzmyrazem.pl\/index.php\/2023\/01\/05\/dlaczego-warto-posiadac-szafe-garazowa\/"]}]},{"@type":"BreadcrumbList","@id":"https:\/\/www.wybierzmyrazem.pl\/index.php\/2023\/01\/05\/dlaczego-warto-posiadac-szafe-garazowa\/#breadcrumb","itemListElement":[{"@type":"ListItem","position":1,"name":"Strona g\u0142\u00f3wna","item":"https:\/\/www.wybierzmyrazem.pl\/"},{"@type":"ListItem","position":2,"name":"Dlaczego warto posiada\u0107 szafe gara\u017cow\u0105?"}]},{"@type":"WebSite","@id":"https:\/\/www.wybierzmyrazem.pl\/#website","url":"https:\/\/www.wybierzmyrazem.pl\/","name":"wybierzmyrazem.pl","description":"Tw\u00f3j ulubiony blog!","publisher":{"@id":"https:\/\/www.wybierzmyrazem.pl\/#organization"},"potentialAction":[{"@type":"SearchAction","target":{"@type":"EntryPoint","urlTemplate":"https:\/\/www.wybierzmyrazem.pl\/?s={search_term_string}"},"query-input":{"@type":"PropertyValueSpecification","valueRequired":true,"valueName":"search_term_string"}}],"inLanguage":"pl-PL"},{"@type":"Organization","@id":"https:\/\/www.wybierzmyrazem.pl\/#organization","name":"wybierzmyrazem.pl","url":"https:\/\/www.wybierzmyrazem.pl\/","logo":{"@type":"ImageObject","inLanguage":"pl-PL","@id":"https:\/\/www.wybierzmyrazem.pl\/#\/schema\/logo\/image\/","url":"https:\/\/www.wybierzmyrazem.pl\/wp-content\/uploads\/2022\/05\/Screenshot.png","contentUrl":"https:\/\/www.wybierzmyrazem.pl\/wp-content\/uploads\/2022\/05\/Screenshot.png","width":321,"height":243,"caption":"wybierzmyrazem.pl"},"image":{"@id":"https:\/\/www.wybierzmyrazem.pl\/#\/schema\/logo\/image\/"}},{"@type":"Person","@id":"https:\/\/www.wybierzmyrazem.pl\/#\/schema\/person\/63c38787c47f7fdd6991c64a3736de08","name":"dev5e2","image":{"@type":"ImageObject","inLanguage":"pl-PL","@id":"https:\/\/secure.gravatar.com\/avatar\/074e977b919a27539450977a304f65b9a1233c5635db562dd184870dbba1fbc0?s=96&d=mm&r=g","url":"https:\/\/secure.gravatar.com\/avatar\/074e977b919a27539450977a304f65b9a1233c5635db562dd184870dbba1fbc0?s=96&d=mm&r=g","contentUrl":"https:\/\/secure.gravatar.com\/avatar\/074e977b919a27539450977a304f65b9a1233c5635db562dd184870dbba1fbc0?s=96&d=mm&r=g","caption":"dev5e2"},"sameAs":["http:\/\/wybierzmyrazem.pl"]}]}},"_links":{"self":[{"href":"https:\/\/www.wybierzmyrazem.pl\/index.php\/wp-json\/wp\/v2\/posts\/269","targetHints":{"allow":["GET"]}}],"collection":[{"href":"https:\/\/www.wybierzmyrazem.pl\/index.php\/wp-json\/wp\/v2\/posts"}],"about":[{"href":"https:\/\/www.wybierzmyrazem.pl\/index.php\/wp-json\/wp\/v2\/types\/post"}],"author":[{"embeddable":true,"href":"https:\/\/www.wybierzmyrazem.pl\/index.php\/wp-json\/wp\/v2\/users\/1"}],"replies":[{"embeddable":true,"href":"https:\/\/www.wybierzmyrazem.pl\/index.php\/wp-json\/wp\/v2\/comments?post=269"}],"version-history":[{"count":1,"href":"https:\/\/www.wybierzmyrazem.pl\/index.php\/wp-json\/wp\/v2\/posts\/269\/revisions"}],"predecessor-version":[{"id":1227,"href":"https:\/\/www.wybierzmyrazem.pl\/index.php\/wp-json\/wp\/v2\/posts\/269\/revisions\/1227"}],"wp:attachment":[{"href":"https:\/\/www.wybierzmyrazem.pl\/index.php\/wp-json\/wp\/v2\/media?parent=269"}],"wp:term":[{"taxonomy":"category","embeddable":true,"href":"https:\/\/www.wybierzmyrazem.pl\/index.php\/wp-json\/wp\/v2\/categories?post=269"},{"taxonomy":"post_tag","embeddable":true,"href":"https:\/\/www.wybierzmyrazem.pl\/index.php\/wp-json\/wp\/v2\/tags?post=269"}],"curies":[{"name":"wp","href":"https:\/\/api.w.org\/{rel}","templated":true}]}}