{"id":49,"date":"2022-07-16T17:30:45","date_gmt":"2022-07-16T15:30:45","guid":{"rendered":"https:\/\/www.wybierzmyrazem.pl\/index.php\/2022\/07\/16\/projektant-wnetrz-czym-sie-zajmuje\/"},"modified":"2023-08-01T12:19:52","modified_gmt":"2023-08-01T10:19:52","slug":"projektant-wnetrz-czym-sie-zajmuje","status":"publish","type":"post","link":"https:\/\/www.wybierzmyrazem.pl\/index.php\/2022\/07\/16\/projektant-wnetrz-czym-sie-zajmuje\/","title":{"rendered":"Projektant wn\u0119trz czym si\u0119 zajmuje?"},"content":{"rendered":"<p>Wraz z rosn\u0105cym zainteresowaniem projektowaniem wn\u0119trz pojawia si\u0119 coraz wi\u0119cej pyta\u0144 dotycz\u0105cych tego tematu. Nic wi\u0119c dziwnego, \u017ce jedn\u0105 z cz\u0119\u015bciej wyst\u0119puj\u0105cych zagwozdek jest cena, jak\u0105 nale\u017cy zap\u0142aci\u0107 projektantowi wn\u0119trz. Koszt, z kt\u00f3rym mo\u017cna si\u0119 spotka\u0107, jest uzale\u017cniony od wielu czynnik\u00f3w. Inn\u0105 cen\u0119 zaoferuje projektant wn\u0119trz w Rzeszowie, a z innym cennikiem mo\u017cna spotka\u0107 si\u0119 w Warszawie. Co jeszcze sk\u0142ada si\u0119 na ostateczn\u0105 cen\u0119 projektu wn\u0119trz? O tym w dalszej cz\u0119\u015bci artyku\u0142u.<\/p>\n<h2><a id=\"_iq9aogsyi7eo\"><\/a>Projektant wn\u0119trz Rzesz\u00f3w \u2014 cennik i co si\u0119 na niego sk\u0142ada<\/h2>\n<p>W zale\u017cno\u015bci od tego, czy projekt ma dotyczy\u0107 ca\u0142ego mieszkania, czy tylko jednego pomieszczenia, cena mo\u017ce drastycznie si\u0119 r\u00f3\u017cni\u0107. Najcz\u0119\u015bciej spotka\u0107 si\u0119 mo\u017cna z cen\u0105 za metr kwadratowy, cho\u0107 czasami wyst\u0119puje r\u00f3wnie\u017c koszt za pomieszczenie. Uzale\u017cnione jest to od podej\u015bcia architekta wn\u0119trz oraz pracowni, w kt\u00f3rej projektuje. Zanim ca\u0142a uwaga zostanie skupiona na konkretnych liczbach, w pierwszej kolejno\u015bci nale\u017cy przyjrze\u0107 si\u0119 aspektom sk\u0142adaj\u0105cym si\u0119 na ca\u0142okszta\u0142t kosztorysu.<\/p>\n<p>Mog\u0142oby si\u0119 wydawa\u0107, \u017ce cena obejmuje tylko stworzenie projektu. Nic bardziej mylnego. Aby zaprojektowa\u0107 kuchni\u0119, salon czy \u0142azienk\u0119 potrzeba naprawd\u0119 du\u017cego do\u015bwiadczenia, umiej\u0119tno\u015bci oraz wyobra\u017ani przestrzennej. Dobry projektant wn\u0119trz w Rzeszowie czy te\u017c innym mie\u015bcie zdaje sobie spraw\u0119, \u017ce nie pozyska nowych klient\u00f3w, je\u015bli w jego pracach pojawia\u0107 si\u0119 b\u0119dzie du\u017co mankament\u00f3w i niedoskona\u0142o\u015bci, rzutuj\u0105cych potem negatywnie na realizacj\u0119 przedsi\u0119wzi\u0119cia. Sam projekt obejmuje naprawd\u0119 skomplikowane elementy zwi\u0105zane z bran\u017c\u0105 budowaln\u0105.<\/p>\n<p>Architekt wn\u0119trz zajmuje si\u0119 tak\u017ce wykonaniem projektu. Cz\u0119sto spotka\u0107 si\u0119 mo\u017cna z r\u00f3\u017cnymi pakietami, b\u0119d\u0105cymi lepszym rozwi\u0105zaniem ekonomicznym dla inwestora. Realizacja projektu jest \u015bci\u015ble zwi\u0105zana z terminowym oddaniem pracy przez architekta. W cenie mie\u015bci si\u0119 wi\u0119c te\u017c gwarancja oddania projektu w ustalonym wcze\u015bniej terminie. Projektant wn\u0119trz b\u0119dzie nadzorowa\u0142 powstawanie realizacji, co zdecydowanie odejmie wiele stresu, a tak\u017ce b\u0119dzie bardziej przyst\u0119pne cenowo. Wspomniane wcze\u015bniej pakiety obejmuj\u0105 naprawd\u0119 wiele us\u0142ug, chroni\u0105cych przed poniesieniem dodatkowych koszt\u00f3w.<\/p>\n<h2><a href=\"https:\/\/meteoelblag.pl\/\">Projektant wn\u0119trz Rzesz\u00f3w \u2014 cennik<\/a><\/h2>\n<p>Wspomniana na pocz\u0105tku lokalizacja odgrywa bardzo istotn\u0105 rol\u0119. Ceny warszawskie, krakowskie czy wroc\u0142awskie b\u0119d\u0105 zdecydowanie wy\u017csze od tych wyst\u0119puj\u0105cych w mniejszych miastach. Bior\u0105c pod uwag\u0119 cen\u0119 za metr kwadratowy, naj\u0142atwiej jest por\u00f3wna\u0107 cenniki w poszczeg\u00f3lnych pracowniach. Kwota, jak\u0105 nale\u017cy zap\u0142aci\u0107 w Warszawie si\u0119ga\u0107 mo\u017ce 200-230 z\u0142\/m2. Mowa tu przyk\u0142adowo o wykonaniu projektu domu jednorodzinnego lub du\u017cego, przestronnego apartamentu. Dla por\u00f3wnania cena projektu wykonanego w Rzeszowie to koszt cz\u0119sto o 80-100 z\u0142 mniejszy. Oczywi\u015bcie s\u0105 to tylko dane og\u00f3lne i pogl\u0105dowe, poniewa\u017c ka\u017cda pracownia architektoniczna ustala w\u0142asny cennik. Nie zmienia to jednak faktu, \u017ce bardziej op\u0142acalne jest inwestowanie w projektanta wn\u0119trz w mniejszych miastach jak Rzesz\u00f3w, je\u015bli istotn\u0105 rol\u0119 odgrywa bud\u017cet.<\/p>\n","protected":false},"excerpt":{"rendered":"<p>Wraz z rosn\u0105cym zainteresowaniem projektowaniem wn\u0119trz pojawia si\u0119 coraz wi\u0119cej pyta\u0144 dotycz\u0105cych tego tematu. Nic wi\u0119c dziwnego, \u017ce jedn\u0105 z cz\u0119\u015bciej wyst\u0119puj\u0105cych zagwozdek jest cena, jak\u0105 nale\u017cy zap\u0142aci\u0107 projektantowi wn\u0119trz&#8230;.<\/p>\n","protected":false},"author":1,"featured_media":48,"comment_status":"closed","ping_status":"closed","sticky":false,"template":"","format":"standard","meta":{"footnotes":""},"categories":[1],"tags":[],"class_list":["post-49","post","type-post","status-publish","format-standard","has-post-thumbnail","hentry","category-bez-kategorii"],"yoast_head":"<!-- This site is optimized with the Yoast SEO plugin v27.4 - https:\/\/yoast.com\/product\/yoast-seo-wordpress\/ -->\n<title>Projektant wn\u0119trz czym si\u0119 zajmuje? - wybierzmyrazem.pl<\/title>\n<meta name=\"robots\" content=\"index, follow, max-snippet:-1, max-image-preview:large, max-video-preview:-1\" \/>\n<link rel=\"canonical\" href=\"https:\/\/www.wybierzmyrazem.pl\/index.php\/2022\/07\/16\/projektant-wnetrz-czym-sie-zajmuje\/\" \/>\n<meta property=\"og:locale\" content=\"pl_PL\" \/>\n<meta property=\"og:type\" content=\"article\" \/>\n<meta property=\"og:title\" content=\"Projektant wn\u0119trz czym si\u0119 zajmuje? - wybierzmyrazem.pl\" \/>\n<meta property=\"og:description\" content=\"Wraz z rosn\u0105cym zainteresowaniem projektowaniem wn\u0119trz pojawia si\u0119 coraz wi\u0119cej pyta\u0144 dotycz\u0105cych tego tematu. Nic wi\u0119c dziwnego, \u017ce jedn\u0105 z cz\u0119\u015bciej wyst\u0119puj\u0105cych zagwozdek jest cena, jak\u0105 nale\u017cy zap\u0142aci\u0107 projektantowi wn\u0119trz....\" \/>\n<meta property=\"og:url\" content=\"https:\/\/www.wybierzmyrazem.pl\/index.php\/2022\/07\/16\/projektant-wnetrz-czym-sie-zajmuje\/\" \/>\n<meta property=\"og:site_name\" content=\"wybierzmyrazem.pl\" \/>\n<meta property=\"article:published_time\" content=\"2022-07-16T15:30:45+00:00\" \/>\n<meta property=\"article:modified_time\" content=\"2023-08-01T10:19:52+00:00\" \/>\n<meta property=\"og:image\" content=\"https:\/\/www.wybierzmyrazem.pl\/wp-content\/uploads\/2022\/07\/g2be7f362ea90d1a314aa9f901d30cd844fb43cf93eca32cdad7c4f1ad6e34b7fdf9346be4d895d6f9432dfa10cf1f7c25cdbe1bcf97794b6d82bb6afa90575e6_1280.jpg\" \/>\n\t<meta property=\"og:image:width\" content=\"1280\" \/>\n\t<meta property=\"og:image:height\" content=\"905\" \/>\n\t<meta property=\"og:image:type\" content=\"image\/jpeg\" \/>\n<meta name=\"author\" content=\"dev5e2\" \/>\n<meta name=\"twitter:card\" content=\"summary_large_image\" \/>\n<meta name=\"twitter:label1\" content=\"Napisane przez\" \/>\n\t<meta name=\"twitter:data1\" content=\"dev5e2\" \/>\n\t<meta name=\"twitter:label2\" content=\"Szacowany czas czytania\" \/>\n\t<meta name=\"twitter:data2\" content=\"3 minuty\" \/>\n<script type=\"application\/ld+json\" class=\"yoast-schema-graph\">{\"@context\":\"https:\\\/\\\/schema.org\",\"@graph\":[{\"@type\":\"Article\",\"@id\":\"https:\\\/\\\/www.wybierzmyrazem.pl\\\/index.php\\\/2022\\\/07\\\/16\\\/projektant-wnetrz-czym-sie-zajmuje\\\/#article\",\"isPartOf\":{\"@id\":\"https:\\\/\\\/www.wybierzmyrazem.pl\\\/index.php\\\/2022\\\/07\\\/16\\\/projektant-wnetrz-czym-sie-zajmuje\\\/\"},\"author\":{\"name\":\"dev5e2\",\"@id\":\"https:\\\/\\\/www.wybierzmyrazem.pl\\\/#\\\/schema\\\/person\\\/63c38787c47f7fdd6991c64a3736de08\"},\"headline\":\"Projektant wn\u0119trz czym si\u0119 zajmuje?\",\"datePublished\":\"2022-07-16T15:30:45+00:00\",\"dateModified\":\"2023-08-01T10:19:52+00:00\",\"mainEntityOfPage\":{\"@id\":\"https:\\\/\\\/www.wybierzmyrazem.pl\\\/index.php\\\/2022\\\/07\\\/16\\\/projektant-wnetrz-czym-sie-zajmuje\\\/\"},\"wordCount\":528,\"publisher\":{\"@id\":\"https:\\\/\\\/www.wybierzmyrazem.pl\\\/#organization\"},\"image\":{\"@id\":\"https:\\\/\\\/www.wybierzmyrazem.pl\\\/index.php\\\/2022\\\/07\\\/16\\\/projektant-wnetrz-czym-sie-zajmuje\\\/#primaryimage\"},\"thumbnailUrl\":\"https:\\\/\\\/www.wybierzmyrazem.pl\\\/wp-content\\\/uploads\\\/2022\\\/07\\\/g2be7f362ea90d1a314aa9f901d30cd844fb43cf93eca32cdad7c4f1ad6e34b7fdf9346be4d895d6f9432dfa10cf1f7c25cdbe1bcf97794b6d82bb6afa90575e6_1280.jpg\",\"inLanguage\":\"pl-PL\"},{\"@type\":\"WebPage\",\"@id\":\"https:\\\/\\\/www.wybierzmyrazem.pl\\\/index.php\\\/2022\\\/07\\\/16\\\/projektant-wnetrz-czym-sie-zajmuje\\\/\",\"url\":\"https:\\\/\\\/www.wybierzmyrazem.pl\\\/index.php\\\/2022\\\/07\\\/16\\\/projektant-wnetrz-czym-sie-zajmuje\\\/\",\"name\":\"Projektant wn\u0119trz czym si\u0119 zajmuje? - wybierzmyrazem.pl\",\"isPartOf\":{\"@id\":\"https:\\\/\\\/www.wybierzmyrazem.pl\\\/#website\"},\"primaryImageOfPage\":{\"@id\":\"https:\\\/\\\/www.wybierzmyrazem.pl\\\/index.php\\\/2022\\\/07\\\/16\\\/projektant-wnetrz-czym-sie-zajmuje\\\/#primaryimage\"},\"image\":{\"@id\":\"https:\\\/\\\/www.wybierzmyrazem.pl\\\/index.php\\\/2022\\\/07\\\/16\\\/projektant-wnetrz-czym-sie-zajmuje\\\/#primaryimage\"},\"thumbnailUrl\":\"https:\\\/\\\/www.wybierzmyrazem.pl\\\/wp-content\\\/uploads\\\/2022\\\/07\\\/g2be7f362ea90d1a314aa9f901d30cd844fb43cf93eca32cdad7c4f1ad6e34b7fdf9346be4d895d6f9432dfa10cf1f7c25cdbe1bcf97794b6d82bb6afa90575e6_1280.jpg\",\"datePublished\":\"2022-07-16T15:30:45+00:00\",\"dateModified\":\"2023-08-01T10:19:52+00:00\",\"breadcrumb\":{\"@id\":\"https:\\\/\\\/www.wybierzmyrazem.pl\\\/index.php\\\/2022\\\/07\\\/16\\\/projektant-wnetrz-czym-sie-zajmuje\\\/#breadcrumb\"},\"inLanguage\":\"pl-PL\",\"potentialAction\":[{\"@type\":\"ReadAction\",\"target\":[\"https:\\\/\\\/www.wybierzmyrazem.pl\\\/index.php\\\/2022\\\/07\\\/16\\\/projektant-wnetrz-czym-sie-zajmuje\\\/\"]}]},{\"@type\":\"ImageObject\",\"inLanguage\":\"pl-PL\",\"@id\":\"https:\\\/\\\/www.wybierzmyrazem.pl\\\/index.php\\\/2022\\\/07\\\/16\\\/projektant-wnetrz-czym-sie-zajmuje\\\/#primaryimage\",\"url\":\"https:\\\/\\\/www.wybierzmyrazem.pl\\\/wp-content\\\/uploads\\\/2022\\\/07\\\/g2be7f362ea90d1a314aa9f901d30cd844fb43cf93eca32cdad7c4f1ad6e34b7fdf9346be4d895d6f9432dfa10cf1f7c25cdbe1bcf97794b6d82bb6afa90575e6_1280.jpg\",\"contentUrl\":\"https:\\\/\\\/www.wybierzmyrazem.pl\\\/wp-content\\\/uploads\\\/2022\\\/07\\\/g2be7f362ea90d1a314aa9f901d30cd844fb43cf93eca32cdad7c4f1ad6e34b7fdf9346be4d895d6f9432dfa10cf1f7c25cdbe1bcf97794b6d82bb6afa90575e6_1280.jpg\",\"width\":1280,\"height\":905,\"caption\":\"projektowanie\"},{\"@type\":\"BreadcrumbList\",\"@id\":\"https:\\\/\\\/www.wybierzmyrazem.pl\\\/index.php\\\/2022\\\/07\\\/16\\\/projektant-wnetrz-czym-sie-zajmuje\\\/#breadcrumb\",\"itemListElement\":[{\"@type\":\"ListItem\",\"position\":1,\"name\":\"Strona g\u0142\u00f3wna\",\"item\":\"https:\\\/\\\/www.wybierzmyrazem.pl\\\/\"},{\"@type\":\"ListItem\",\"position\":2,\"name\":\"Projektant wn\u0119trz czym si\u0119 zajmuje?\"}]},{\"@type\":\"WebSite\",\"@id\":\"https:\\\/\\\/www.wybierzmyrazem.pl\\\/#website\",\"url\":\"https:\\\/\\\/www.wybierzmyrazem.pl\\\/\",\"name\":\"wybierzmyrazem.pl\",\"description\":\"Tw\u00f3j ulubiony blog!\",\"publisher\":{\"@id\":\"https:\\\/\\\/www.wybierzmyrazem.pl\\\/#organization\"},\"potentialAction\":[{\"@type\":\"SearchAction\",\"target\":{\"@type\":\"EntryPoint\",\"urlTemplate\":\"https:\\\/\\\/www.wybierzmyrazem.pl\\\/?s={search_term_string}\"},\"query-input\":{\"@type\":\"PropertyValueSpecification\",\"valueRequired\":true,\"valueName\":\"search_term_string\"}}],\"inLanguage\":\"pl-PL\"},{\"@type\":\"Organization\",\"@id\":\"https:\\\/\\\/www.wybierzmyrazem.pl\\\/#organization\",\"name\":\"wybierzmyrazem.pl\",\"url\":\"https:\\\/\\\/www.wybierzmyrazem.pl\\\/\",\"logo\":{\"@type\":\"ImageObject\",\"inLanguage\":\"pl-PL\",\"@id\":\"https:\\\/\\\/www.wybierzmyrazem.pl\\\/#\\\/schema\\\/logo\\\/image\\\/\",\"url\":\"https:\\\/\\\/www.wybierzmyrazem.pl\\\/wp-content\\\/uploads\\\/2022\\\/05\\\/Screenshot.png\",\"contentUrl\":\"https:\\\/\\\/www.wybierzmyrazem.pl\\\/wp-content\\\/uploads\\\/2022\\\/05\\\/Screenshot.png\",\"width\":321,\"height\":243,\"caption\":\"wybierzmyrazem.pl\"},\"image\":{\"@id\":\"https:\\\/\\\/www.wybierzmyrazem.pl\\\/#\\\/schema\\\/logo\\\/image\\\/\"}},{\"@type\":\"Person\",\"@id\":\"https:\\\/\\\/www.wybierzmyrazem.pl\\\/#\\\/schema\\\/person\\\/63c38787c47f7fdd6991c64a3736de08\",\"name\":\"dev5e2\",\"image\":{\"@type\":\"ImageObject\",\"inLanguage\":\"pl-PL\",\"@id\":\"https:\\\/\\\/secure.gravatar.com\\\/avatar\\\/074e977b919a27539450977a304f65b9a1233c5635db562dd184870dbba1fbc0?s=96&d=mm&r=g\",\"url\":\"https:\\\/\\\/secure.gravatar.com\\\/avatar\\\/074e977b919a27539450977a304f65b9a1233c5635db562dd184870dbba1fbc0?s=96&d=mm&r=g\",\"contentUrl\":\"https:\\\/\\\/secure.gravatar.com\\\/avatar\\\/074e977b919a27539450977a304f65b9a1233c5635db562dd184870dbba1fbc0?s=96&d=mm&r=g\",\"caption\":\"dev5e2\"},\"sameAs\":[\"http:\\\/\\\/wybierzmyrazem.pl\"]}]}<\/script>\n<!-- \/ Yoast SEO plugin. -->","yoast_head_json":{"title":"Projektant wn\u0119trz czym si\u0119 zajmuje? - wybierzmyrazem.pl","robots":{"index":"index","follow":"follow","max-snippet":"max-snippet:-1","max-image-preview":"max-image-preview:large","max-video-preview":"max-video-preview:-1"},"canonical":"https:\/\/www.wybierzmyrazem.pl\/index.php\/2022\/07\/16\/projektant-wnetrz-czym-sie-zajmuje\/","og_locale":"pl_PL","og_type":"article","og_title":"Projektant wn\u0119trz czym si\u0119 zajmuje? - wybierzmyrazem.pl","og_description":"Wraz z rosn\u0105cym zainteresowaniem projektowaniem wn\u0119trz pojawia si\u0119 coraz wi\u0119cej pyta\u0144 dotycz\u0105cych tego tematu. Nic wi\u0119c dziwnego, \u017ce jedn\u0105 z cz\u0119\u015bciej wyst\u0119puj\u0105cych zagwozdek jest cena, jak\u0105 nale\u017cy zap\u0142aci\u0107 projektantowi wn\u0119trz....","og_url":"https:\/\/www.wybierzmyrazem.pl\/index.php\/2022\/07\/16\/projektant-wnetrz-czym-sie-zajmuje\/","og_site_name":"wybierzmyrazem.pl","article_published_time":"2022-07-16T15:30:45+00:00","article_modified_time":"2023-08-01T10:19:52+00:00","og_image":[{"width":1280,"height":905,"url":"https:\/\/www.wybierzmyrazem.pl\/wp-content\/uploads\/2022\/07\/g2be7f362ea90d1a314aa9f901d30cd844fb43cf93eca32cdad7c4f1ad6e34b7fdf9346be4d895d6f9432dfa10cf1f7c25cdbe1bcf97794b6d82bb6afa90575e6_1280.jpg","type":"image\/jpeg"}],"author":"dev5e2","twitter_card":"summary_large_image","twitter_misc":{"Napisane przez":"dev5e2","Szacowany czas czytania":"3 minuty"},"schema":{"@context":"https:\/\/schema.org","@graph":[{"@type":"Article","@id":"https:\/\/www.wybierzmyrazem.pl\/index.php\/2022\/07\/16\/projektant-wnetrz-czym-sie-zajmuje\/#article","isPartOf":{"@id":"https:\/\/www.wybierzmyrazem.pl\/index.php\/2022\/07\/16\/projektant-wnetrz-czym-sie-zajmuje\/"},"author":{"name":"dev5e2","@id":"https:\/\/www.wybierzmyrazem.pl\/#\/schema\/person\/63c38787c47f7fdd6991c64a3736de08"},"headline":"Projektant wn\u0119trz czym si\u0119 zajmuje?","datePublished":"2022-07-16T15:30:45+00:00","dateModified":"2023-08-01T10:19:52+00:00","mainEntityOfPage":{"@id":"https:\/\/www.wybierzmyrazem.pl\/index.php\/2022\/07\/16\/projektant-wnetrz-czym-sie-zajmuje\/"},"wordCount":528,"publisher":{"@id":"https:\/\/www.wybierzmyrazem.pl\/#organization"},"image":{"@id":"https:\/\/www.wybierzmyrazem.pl\/index.php\/2022\/07\/16\/projektant-wnetrz-czym-sie-zajmuje\/#primaryimage"},"thumbnailUrl":"https:\/\/www.wybierzmyrazem.pl\/wp-content\/uploads\/2022\/07\/g2be7f362ea90d1a314aa9f901d30cd844fb43cf93eca32cdad7c4f1ad6e34b7fdf9346be4d895d6f9432dfa10cf1f7c25cdbe1bcf97794b6d82bb6afa90575e6_1280.jpg","inLanguage":"pl-PL"},{"@type":"WebPage","@id":"https:\/\/www.wybierzmyrazem.pl\/index.php\/2022\/07\/16\/projektant-wnetrz-czym-sie-zajmuje\/","url":"https:\/\/www.wybierzmyrazem.pl\/index.php\/2022\/07\/16\/projektant-wnetrz-czym-sie-zajmuje\/","name":"Projektant wn\u0119trz czym si\u0119 zajmuje? - wybierzmyrazem.pl","isPartOf":{"@id":"https:\/\/www.wybierzmyrazem.pl\/#website"},"primaryImageOfPage":{"@id":"https:\/\/www.wybierzmyrazem.pl\/index.php\/2022\/07\/16\/projektant-wnetrz-czym-sie-zajmuje\/#primaryimage"},"image":{"@id":"https:\/\/www.wybierzmyrazem.pl\/index.php\/2022\/07\/16\/projektant-wnetrz-czym-sie-zajmuje\/#primaryimage"},"thumbnailUrl":"https:\/\/www.wybierzmyrazem.pl\/wp-content\/uploads\/2022\/07\/g2be7f362ea90d1a314aa9f901d30cd844fb43cf93eca32cdad7c4f1ad6e34b7fdf9346be4d895d6f9432dfa10cf1f7c25cdbe1bcf97794b6d82bb6afa90575e6_1280.jpg","datePublished":"2022-07-16T15:30:45+00:00","dateModified":"2023-08-01T10:19:52+00:00","breadcrumb":{"@id":"https:\/\/www.wybierzmyrazem.pl\/index.php\/2022\/07\/16\/projektant-wnetrz-czym-sie-zajmuje\/#breadcrumb"},"inLanguage":"pl-PL","potentialAction":[{"@type":"ReadAction","target":["https:\/\/www.wybierzmyrazem.pl\/index.php\/2022\/07\/16\/projektant-wnetrz-czym-sie-zajmuje\/"]}]},{"@type":"ImageObject","inLanguage":"pl-PL","@id":"https:\/\/www.wybierzmyrazem.pl\/index.php\/2022\/07\/16\/projektant-wnetrz-czym-sie-zajmuje\/#primaryimage","url":"https:\/\/www.wybierzmyrazem.pl\/wp-content\/uploads\/2022\/07\/g2be7f362ea90d1a314aa9f901d30cd844fb43cf93eca32cdad7c4f1ad6e34b7fdf9346be4d895d6f9432dfa10cf1f7c25cdbe1bcf97794b6d82bb6afa90575e6_1280.jpg","contentUrl":"https:\/\/www.wybierzmyrazem.pl\/wp-content\/uploads\/2022\/07\/g2be7f362ea90d1a314aa9f901d30cd844fb43cf93eca32cdad7c4f1ad6e34b7fdf9346be4d895d6f9432dfa10cf1f7c25cdbe1bcf97794b6d82bb6afa90575e6_1280.jpg","width":1280,"height":905,"caption":"projektowanie"},{"@type":"BreadcrumbList","@id":"https:\/\/www.wybierzmyrazem.pl\/index.php\/2022\/07\/16\/projektant-wnetrz-czym-sie-zajmuje\/#breadcrumb","itemListElement":[{"@type":"ListItem","position":1,"name":"Strona g\u0142\u00f3wna","item":"https:\/\/www.wybierzmyrazem.pl\/"},{"@type":"ListItem","position":2,"name":"Projektant wn\u0119trz czym si\u0119 zajmuje?"}]},{"@type":"WebSite","@id":"https:\/\/www.wybierzmyrazem.pl\/#website","url":"https:\/\/www.wybierzmyrazem.pl\/","name":"wybierzmyrazem.pl","description":"Tw\u00f3j ulubiony blog!","publisher":{"@id":"https:\/\/www.wybierzmyrazem.pl\/#organization"},"potentialAction":[{"@type":"SearchAction","target":{"@type":"EntryPoint","urlTemplate":"https:\/\/www.wybierzmyrazem.pl\/?s={search_term_string}"},"query-input":{"@type":"PropertyValueSpecification","valueRequired":true,"valueName":"search_term_string"}}],"inLanguage":"pl-PL"},{"@type":"Organization","@id":"https:\/\/www.wybierzmyrazem.pl\/#organization","name":"wybierzmyrazem.pl","url":"https:\/\/www.wybierzmyrazem.pl\/","logo":{"@type":"ImageObject","inLanguage":"pl-PL","@id":"https:\/\/www.wybierzmyrazem.pl\/#\/schema\/logo\/image\/","url":"https:\/\/www.wybierzmyrazem.pl\/wp-content\/uploads\/2022\/05\/Screenshot.png","contentUrl":"https:\/\/www.wybierzmyrazem.pl\/wp-content\/uploads\/2022\/05\/Screenshot.png","width":321,"height":243,"caption":"wybierzmyrazem.pl"},"image":{"@id":"https:\/\/www.wybierzmyrazem.pl\/#\/schema\/logo\/image\/"}},{"@type":"Person","@id":"https:\/\/www.wybierzmyrazem.pl\/#\/schema\/person\/63c38787c47f7fdd6991c64a3736de08","name":"dev5e2","image":{"@type":"ImageObject","inLanguage":"pl-PL","@id":"https:\/\/secure.gravatar.com\/avatar\/074e977b919a27539450977a304f65b9a1233c5635db562dd184870dbba1fbc0?s=96&d=mm&r=g","url":"https:\/\/secure.gravatar.com\/avatar\/074e977b919a27539450977a304f65b9a1233c5635db562dd184870dbba1fbc0?s=96&d=mm&r=g","contentUrl":"https:\/\/secure.gravatar.com\/avatar\/074e977b919a27539450977a304f65b9a1233c5635db562dd184870dbba1fbc0?s=96&d=mm&r=g","caption":"dev5e2"},"sameAs":["http:\/\/wybierzmyrazem.pl"]}]}},"_links":{"self":[{"href":"https:\/\/www.wybierzmyrazem.pl\/index.php\/wp-json\/wp\/v2\/posts\/49","targetHints":{"allow":["GET"]}}],"collection":[{"href":"https:\/\/www.wybierzmyrazem.pl\/index.php\/wp-json\/wp\/v2\/posts"}],"about":[{"href":"https:\/\/www.wybierzmyrazem.pl\/index.php\/wp-json\/wp\/v2\/types\/post"}],"author":[{"embeddable":true,"href":"https:\/\/www.wybierzmyrazem.pl\/index.php\/wp-json\/wp\/v2\/users\/1"}],"replies":[{"embeddable":true,"href":"https:\/\/www.wybierzmyrazem.pl\/index.php\/wp-json\/wp\/v2\/comments?post=49"}],"version-history":[{"count":1,"href":"https:\/\/www.wybierzmyrazem.pl\/index.php\/wp-json\/wp\/v2\/posts\/49\/revisions"}],"predecessor-version":[{"id":748,"href":"https:\/\/www.wybierzmyrazem.pl\/index.php\/wp-json\/wp\/v2\/posts\/49\/revisions\/748"}],"wp:featuredmedia":[{"embeddable":true,"href":"https:\/\/www.wybierzmyrazem.pl\/index.php\/wp-json\/wp\/v2\/media\/48"}],"wp:attachment":[{"href":"https:\/\/www.wybierzmyrazem.pl\/index.php\/wp-json\/wp\/v2\/media?parent=49"}],"wp:term":[{"taxonomy":"category","embeddable":true,"href":"https:\/\/www.wybierzmyrazem.pl\/index.php\/wp-json\/wp\/v2\/categories?post=49"},{"taxonomy":"post_tag","embeddable":true,"href":"https:\/\/www.wybierzmyrazem.pl\/index.php\/wp-json\/wp\/v2\/tags?post=49"}],"curies":[{"name":"wp","href":"https:\/\/api.w.org\/{rel}","templated":true}]}}