{"id":711,"date":"2023-07-12T17:30:45","date_gmt":"2023-07-12T15:30:45","guid":{"rendered":"https:\/\/www.wybierzmyrazem.pl\/index.php\/2023\/07\/12\/jaki-odswiezacz-powietrza-do-lazienki-wybrac\/"},"modified":"2024-11-30T02:45:45","modified_gmt":"2024-11-30T01:45:45","slug":"jaki-odswiezacz-powietrza-do-lazienki-wybrac","status":"publish","type":"post","link":"https:\/\/www.wybierzmyrazem.pl\/index.php\/2023\/07\/12\/jaki-odswiezacz-powietrza-do-lazienki-wybrac\/","title":{"rendered":"Jaki od\u015bwie\u017cacz powietrza do \u0142azienki wybra\u0107?"},"content":{"rendered":"<p>W \u015bwiecie zdominowanym przez zmys\u0142 wzroku, \u0142atwo zapomnie\u0107, jak wa\u017cny jest zmys\u0142 w\u0119chu. Znajduje on swoje odzwierciedlenie w licznych aspektach naszego \u017cycia, w tym w aran\u017cacji wn\u0119trz. Szczeg\u00f3lnie \u0142azienka &#8211; to miejsce, kt\u00f3re powinno odzwierciedla\u0107 czysto\u015b\u0107 i \u015bwie\u017co\u015b\u0107, cz\u0119sto wymaga pomocy nie tylko sprz\u0105tania, ale i dobrego od\u015bwie\u017cacza powietrza. Pytanie, kt\u00f3re si\u0119 wtedy pojawia, brzmi: &#8222;Jaki od\u015bwie\u017cacz powietrza do \u0142azienki wybra\u0107?&#8221;. To pytanie jest o tyle skomplikowane, \u017ce odpowied\u017a zale\u017cy od wielu czynnik\u00f3w.<\/p>\n<h2><a id=\"_8vef9p84e10d\"><\/a>Jaki od\u015bwie\u017cacz do \u0142azienki? Wyb\u00f3r adekwatny do potrzeb<\/h2>\n<p>Podstaw\u0105 odpowiedzi na pytanie &#8222;Jaki od\u015bwie\u017cacz do \u0142azienki wybra\u0107?&#8221; jest zrozumienie swoich oczekiwa\u0144. Je\u017celi \u0142azienka jest ma\u0142a i niewiele sp\u0119dzasz w niej czasu, z pewno\u015bci\u0105 starczy delikatny, niezbyt intensywny zapach. Natomiast w przypadku \u0142azienek, kt\u00f3re s\u0105 przestrzeni\u0105 relaksu, gdzie zanurzasz si\u0119 w wannie po d\u0142ugim dniu, warto zainwestowa\u0107 w od\u015bwie\u017cacz o wyj\u0105tkowym i trwa\u0142ym zapachu.<\/p>\n<p>Nale\u017cy pami\u0119ta\u0107, \u017ce wyb\u00f3r od\u015bwie\u017cacza powietrza do \u0142azienki powinien uwzgl\u0119dnia\u0107 nie tylko preferencje zapachowe, ale te\u017c mo\u017cliwo\u015bci samej przestrzeni. Niekt\u00f3re \u0142azienki doskonale sprawdzaj\u0105 si\u0119 z od\u015bwie\u017caczami automatycznymi, kt\u00f3re regularnie emituj\u0105 zapach. Inne natomiast mog\u0105 korzysta\u0107 z naturalnych rozwi\u0105za\u0144, jak olejki eteryczne czy kadzide\u0142ka.<\/p>\n<h2><a id=\"_6tkxh9jzxgre\"><\/a>Jakie zapachy do \u0142azienki s\u0105 najpopularniejsze?<\/h2>\n<p>R\u00f3\u017cnorodno\u015b\u0107 zapach\u00f3w do \u0142azienki jest niemal nieograniczona. Mo\u017cna wybiera\u0107 spo\u015br\u00f3d wielu propozycji, kt\u00f3re imituj\u0105 naturalne aromaty, jak lawenda, wanilia, cedr czy cytrusy. Jednak, kt\u00f3re z nich s\u0105 najpopularniejsze?<\/p>\n<p>Z pewno\u015bci\u0105 prym wiod\u0105 zapachy morskie. Kojarz\u0105 si\u0119 one z czysto\u015bci\u0105, \u015bwie\u017co\u015bci\u0105 i odpr\u0119\u017ceniem. Szczeg\u00f3lnie w upalne dni, zapach morski w \u0142azience doda energii i od\u015bwie\u017cy pomieszczenie. Drug\u0105 grup\u0105 popularnych zapach\u00f3w do \u0142azienki s\u0105 aromaty cytrusowe. Daj\u0105 one efekt orze\u017awienia i pobudzenia, dzi\u0119ki czemu idealnie nadaj\u0105 si\u0119 do \u0142azienki, w kt\u00f3rej zaczynamy dzie\u0144.<\/p>\n<p>W przypadku poszukiwania od\u015bwie\u017cacza o dzia\u0142aniu relaksacyjnym, warto wybra\u0107 zapachy takie jak lawenda, ja\u015bmin czy wanilia.<\/p>\n<h2><a id=\"_664penf2pqru\"><\/a>Jaki zapach do \u0142azienki dla alergik\u00f3w?<\/h2>\n<p>Wsp\u00f3\u0142czesne od\u015bwie\u017cacze powietrza do \u0142azienki s\u0105 coraz cz\u0119\u015bciej dostosowane do potrzeb alergik\u00f3w. Je\u017celi zastanawiasz si\u0119, jaki zapach do \u0142azienki wybra\u0107, bior\u0105c pod uwag\u0119 alergie, warto zdecydowa\u0107 si\u0119 na produkty oznaczone jako hipoalergiczne.<\/p>\n<p>Nale\u017cy jednak pami\u0119ta\u0107, \u017ce nawet taki od\u015bwie\u017cacz mo\u017ce okaza\u0107 si\u0119 dra\u017cni\u0105cy dla niekt\u00f3rych os\u00f3b. Warto wi\u0119c zwr\u00f3ci\u0107 uwag\u0119 na sk\u0142ad produktu i unika\u0107 tych, kt\u00f3re zawieraj\u0105  substancje zapachowe wyzwalaj\u0105ce niepo\u017c\u0105dane objawy alergii.<\/p>\n<h2><a id=\"_tlbz0938jsku\"><\/a>Podsumowanie &#8211; zapachy do \u0142azienki<\/h2>\n<p>Wyb\u00f3r odpowiedniego od\u015bwie\u017cacza powietrza do \u0142azienki nie jest prostym zadaniem. Wymaga przemy\u015blenia wielu aspekt\u00f3w, takich jak wielko\u015b\u0107 \u0142azienki, nasze preferencje zapachowe, a nawet ewentualne alergie. Pomimo tego, dobrze dobrany produkt mo\u017ce znacznie poprawi\u0107 komfort korzystania z \u0142azienki i uczyni\u0107 z niej prawdziw\u0105 oaz\u0119 relaksu. Niezale\u017cnie od tego, jaki od\u015bwie\u017cacz powietrza do \u0142azienki wybierzesz, pami\u0119taj, \u017ce najwa\u017cniejszy jest Tw\u00f3j komfort i zadowolenie.<\/p>\n","protected":false},"excerpt":{"rendered":"<p>W \u015bwiecie zdominowanym przez zmys\u0142 wzroku, \u0142atwo zapomnie\u0107, jak wa\u017cny jest zmys\u0142 w\u0119chu. Znajduje on swoje odzwierciedlenie w licznych aspektach naszego \u017cycia, w tym w aran\u017cacji wn\u0119trz. Szczeg\u00f3lnie \u0142azienka &#8211;&#8230;<\/p>\n","protected":false},"author":1,"featured_media":827,"comment_status":"closed","ping_status":"closed","sticky":false,"template":"","format":"standard","meta":{"footnotes":""},"categories":[1],"tags":[],"class_list":["post-711","post","type-post","status-publish","format-standard","has-post-thumbnail","hentry","category-bez-kategorii"],"yoast_head":"<!-- This site is optimized with the Yoast SEO plugin v27.4 - https:\/\/yoast.com\/product\/yoast-seo-wordpress\/ -->\n<title>Jaki od\u015bwie\u017cacz powietrza do \u0142azienki wybra\u0107? - wybierzmyrazem.pl<\/title>\n<meta name=\"robots\" content=\"index, follow, max-snippet:-1, max-image-preview:large, max-video-preview:-1\" \/>\n<link rel=\"canonical\" href=\"https:\/\/www.wybierzmyrazem.pl\/index.php\/2023\/07\/12\/jaki-odswiezacz-powietrza-do-lazienki-wybrac\/\" \/>\n<meta property=\"og:locale\" content=\"pl_PL\" \/>\n<meta property=\"og:type\" content=\"article\" \/>\n<meta property=\"og:title\" content=\"Jaki od\u015bwie\u017cacz powietrza do \u0142azienki wybra\u0107? - wybierzmyrazem.pl\" \/>\n<meta property=\"og:description\" content=\"W \u015bwiecie zdominowanym przez zmys\u0142 wzroku, \u0142atwo zapomnie\u0107, jak wa\u017cny jest zmys\u0142 w\u0119chu. Znajduje on swoje odzwierciedlenie w licznych aspektach naszego \u017cycia, w tym w aran\u017cacji wn\u0119trz. Szczeg\u00f3lnie \u0142azienka &#8211;...\" \/>\n<meta property=\"og:url\" content=\"https:\/\/www.wybierzmyrazem.pl\/index.php\/2023\/07\/12\/jaki-odswiezacz-powietrza-do-lazienki-wybrac\/\" \/>\n<meta property=\"og:site_name\" content=\"wybierzmyrazem.pl\" \/>\n<meta property=\"article:published_time\" content=\"2023-07-12T15:30:45+00:00\" \/>\n<meta property=\"article:modified_time\" content=\"2024-11-30T01:45:45+00:00\" \/>\n<meta property=\"og:image\" content=\"https:\/\/www.wybierzmyrazem.pl\/wp-content\/uploads\/2023\/07\/odswiezacz-powietrza.jpg\" \/>\n\t<meta property=\"og:image:width\" content=\"1485\" \/>\n\t<meta property=\"og:image:height\" content=\"990\" \/>\n\t<meta property=\"og:image:type\" content=\"image\/jpeg\" \/>\n<meta name=\"author\" content=\"dev5e2\" \/>\n<meta name=\"twitter:card\" content=\"summary_large_image\" \/>\n<meta name=\"twitter:label1\" content=\"Napisane przez\" \/>\n\t<meta name=\"twitter:data1\" content=\"dev5e2\" \/>\n\t<meta name=\"twitter:label2\" content=\"Szacowany czas czytania\" \/>\n\t<meta name=\"twitter:data2\" content=\"3 minuty\" \/>\n<script type=\"application\/ld+json\" class=\"yoast-schema-graph\">{\"@context\":\"https:\\\/\\\/schema.org\",\"@graph\":[{\"@type\":\"Article\",\"@id\":\"https:\\\/\\\/www.wybierzmyrazem.pl\\\/index.php\\\/2023\\\/07\\\/12\\\/jaki-odswiezacz-powietrza-do-lazienki-wybrac\\\/#article\",\"isPartOf\":{\"@id\":\"https:\\\/\\\/www.wybierzmyrazem.pl\\\/index.php\\\/2023\\\/07\\\/12\\\/jaki-odswiezacz-powietrza-do-lazienki-wybrac\\\/\"},\"author\":{\"name\":\"dev5e2\",\"@id\":\"https:\\\/\\\/www.wybierzmyrazem.pl\\\/#\\\/schema\\\/person\\\/63c38787c47f7fdd6991c64a3736de08\"},\"headline\":\"Jaki od\u015bwie\u017cacz powietrza do \u0142azienki wybra\u0107?\",\"datePublished\":\"2023-07-12T15:30:45+00:00\",\"dateModified\":\"2024-11-30T01:45:45+00:00\",\"mainEntityOfPage\":{\"@id\":\"https:\\\/\\\/www.wybierzmyrazem.pl\\\/index.php\\\/2023\\\/07\\\/12\\\/jaki-odswiezacz-powietrza-do-lazienki-wybrac\\\/\"},\"wordCount\":529,\"publisher\":{\"@id\":\"https:\\\/\\\/www.wybierzmyrazem.pl\\\/#organization\"},\"image\":{\"@id\":\"https:\\\/\\\/www.wybierzmyrazem.pl\\\/index.php\\\/2023\\\/07\\\/12\\\/jaki-odswiezacz-powietrza-do-lazienki-wybrac\\\/#primaryimage\"},\"thumbnailUrl\":\"https:\\\/\\\/www.wybierzmyrazem.pl\\\/wp-content\\\/uploads\\\/2023\\\/07\\\/odswiezacz-powietrza.jpg\",\"inLanguage\":\"pl-PL\"},{\"@type\":\"WebPage\",\"@id\":\"https:\\\/\\\/www.wybierzmyrazem.pl\\\/index.php\\\/2023\\\/07\\\/12\\\/jaki-odswiezacz-powietrza-do-lazienki-wybrac\\\/\",\"url\":\"https:\\\/\\\/www.wybierzmyrazem.pl\\\/index.php\\\/2023\\\/07\\\/12\\\/jaki-odswiezacz-powietrza-do-lazienki-wybrac\\\/\",\"name\":\"Jaki od\u015bwie\u017cacz powietrza do \u0142azienki wybra\u0107? - wybierzmyrazem.pl\",\"isPartOf\":{\"@id\":\"https:\\\/\\\/www.wybierzmyrazem.pl\\\/#website\"},\"primaryImageOfPage\":{\"@id\":\"https:\\\/\\\/www.wybierzmyrazem.pl\\\/index.php\\\/2023\\\/07\\\/12\\\/jaki-odswiezacz-powietrza-do-lazienki-wybrac\\\/#primaryimage\"},\"image\":{\"@id\":\"https:\\\/\\\/www.wybierzmyrazem.pl\\\/index.php\\\/2023\\\/07\\\/12\\\/jaki-odswiezacz-powietrza-do-lazienki-wybrac\\\/#primaryimage\"},\"thumbnailUrl\":\"https:\\\/\\\/www.wybierzmyrazem.pl\\\/wp-content\\\/uploads\\\/2023\\\/07\\\/odswiezacz-powietrza.jpg\",\"datePublished\":\"2023-07-12T15:30:45+00:00\",\"dateModified\":\"2024-11-30T01:45:45+00:00\",\"breadcrumb\":{\"@id\":\"https:\\\/\\\/www.wybierzmyrazem.pl\\\/index.php\\\/2023\\\/07\\\/12\\\/jaki-odswiezacz-powietrza-do-lazienki-wybrac\\\/#breadcrumb\"},\"inLanguage\":\"pl-PL\",\"potentialAction\":[{\"@type\":\"ReadAction\",\"target\":[\"https:\\\/\\\/www.wybierzmyrazem.pl\\\/index.php\\\/2023\\\/07\\\/12\\\/jaki-odswiezacz-powietrza-do-lazienki-wybrac\\\/\"]}]},{\"@type\":\"ImageObject\",\"inLanguage\":\"pl-PL\",\"@id\":\"https:\\\/\\\/www.wybierzmyrazem.pl\\\/index.php\\\/2023\\\/07\\\/12\\\/jaki-odswiezacz-powietrza-do-lazienki-wybrac\\\/#primaryimage\",\"url\":\"https:\\\/\\\/www.wybierzmyrazem.pl\\\/wp-content\\\/uploads\\\/2023\\\/07\\\/odswiezacz-powietrza.jpg\",\"contentUrl\":\"https:\\\/\\\/www.wybierzmyrazem.pl\\\/wp-content\\\/uploads\\\/2023\\\/07\\\/odswiezacz-powietrza.jpg\",\"width\":1485,\"height\":990,\"caption\":\"od\u015bwie\u017cacz powietrza\"},{\"@type\":\"BreadcrumbList\",\"@id\":\"https:\\\/\\\/www.wybierzmyrazem.pl\\\/index.php\\\/2023\\\/07\\\/12\\\/jaki-odswiezacz-powietrza-do-lazienki-wybrac\\\/#breadcrumb\",\"itemListElement\":[{\"@type\":\"ListItem\",\"position\":1,\"name\":\"Strona g\u0142\u00f3wna\",\"item\":\"https:\\\/\\\/www.wybierzmyrazem.pl\\\/\"},{\"@type\":\"ListItem\",\"position\":2,\"name\":\"Jaki od\u015bwie\u017cacz powietrza do \u0142azienki wybra\u0107?\"}]},{\"@type\":\"WebSite\",\"@id\":\"https:\\\/\\\/www.wybierzmyrazem.pl\\\/#website\",\"url\":\"https:\\\/\\\/www.wybierzmyrazem.pl\\\/\",\"name\":\"wybierzmyrazem.pl\",\"description\":\"Tw\u00f3j ulubiony blog!\",\"publisher\":{\"@id\":\"https:\\\/\\\/www.wybierzmyrazem.pl\\\/#organization\"},\"potentialAction\":[{\"@type\":\"SearchAction\",\"target\":{\"@type\":\"EntryPoint\",\"urlTemplate\":\"https:\\\/\\\/www.wybierzmyrazem.pl\\\/?s={search_term_string}\"},\"query-input\":{\"@type\":\"PropertyValueSpecification\",\"valueRequired\":true,\"valueName\":\"search_term_string\"}}],\"inLanguage\":\"pl-PL\"},{\"@type\":\"Organization\",\"@id\":\"https:\\\/\\\/www.wybierzmyrazem.pl\\\/#organization\",\"name\":\"wybierzmyrazem.pl\",\"url\":\"https:\\\/\\\/www.wybierzmyrazem.pl\\\/\",\"logo\":{\"@type\":\"ImageObject\",\"inLanguage\":\"pl-PL\",\"@id\":\"https:\\\/\\\/www.wybierzmyrazem.pl\\\/#\\\/schema\\\/logo\\\/image\\\/\",\"url\":\"https:\\\/\\\/www.wybierzmyrazem.pl\\\/wp-content\\\/uploads\\\/2022\\\/05\\\/Screenshot.png\",\"contentUrl\":\"https:\\\/\\\/www.wybierzmyrazem.pl\\\/wp-content\\\/uploads\\\/2022\\\/05\\\/Screenshot.png\",\"width\":321,\"height\":243,\"caption\":\"wybierzmyrazem.pl\"},\"image\":{\"@id\":\"https:\\\/\\\/www.wybierzmyrazem.pl\\\/#\\\/schema\\\/logo\\\/image\\\/\"}},{\"@type\":\"Person\",\"@id\":\"https:\\\/\\\/www.wybierzmyrazem.pl\\\/#\\\/schema\\\/person\\\/63c38787c47f7fdd6991c64a3736de08\",\"name\":\"dev5e2\",\"image\":{\"@type\":\"ImageObject\",\"inLanguage\":\"pl-PL\",\"@id\":\"https:\\\/\\\/secure.gravatar.com\\\/avatar\\\/074e977b919a27539450977a304f65b9a1233c5635db562dd184870dbba1fbc0?s=96&d=mm&r=g\",\"url\":\"https:\\\/\\\/secure.gravatar.com\\\/avatar\\\/074e977b919a27539450977a304f65b9a1233c5635db562dd184870dbba1fbc0?s=96&d=mm&r=g\",\"contentUrl\":\"https:\\\/\\\/secure.gravatar.com\\\/avatar\\\/074e977b919a27539450977a304f65b9a1233c5635db562dd184870dbba1fbc0?s=96&d=mm&r=g\",\"caption\":\"dev5e2\"},\"sameAs\":[\"http:\\\/\\\/wybierzmyrazem.pl\"]}]}<\/script>\n<!-- \/ Yoast SEO plugin. -->","yoast_head_json":{"title":"Jaki od\u015bwie\u017cacz powietrza do \u0142azienki wybra\u0107? - wybierzmyrazem.pl","robots":{"index":"index","follow":"follow","max-snippet":"max-snippet:-1","max-image-preview":"max-image-preview:large","max-video-preview":"max-video-preview:-1"},"canonical":"https:\/\/www.wybierzmyrazem.pl\/index.php\/2023\/07\/12\/jaki-odswiezacz-powietrza-do-lazienki-wybrac\/","og_locale":"pl_PL","og_type":"article","og_title":"Jaki od\u015bwie\u017cacz powietrza do \u0142azienki wybra\u0107? - wybierzmyrazem.pl","og_description":"W \u015bwiecie zdominowanym przez zmys\u0142 wzroku, \u0142atwo zapomnie\u0107, jak wa\u017cny jest zmys\u0142 w\u0119chu. Znajduje on swoje odzwierciedlenie w licznych aspektach naszego \u017cycia, w tym w aran\u017cacji wn\u0119trz. Szczeg\u00f3lnie \u0142azienka &#8211;...","og_url":"https:\/\/www.wybierzmyrazem.pl\/index.php\/2023\/07\/12\/jaki-odswiezacz-powietrza-do-lazienki-wybrac\/","og_site_name":"wybierzmyrazem.pl","article_published_time":"2023-07-12T15:30:45+00:00","article_modified_time":"2024-11-30T01:45:45+00:00","og_image":[{"width":1485,"height":990,"url":"https:\/\/www.wybierzmyrazem.pl\/wp-content\/uploads\/2023\/07\/odswiezacz-powietrza.jpg","type":"image\/jpeg"}],"author":"dev5e2","twitter_card":"summary_large_image","twitter_misc":{"Napisane przez":"dev5e2","Szacowany czas czytania":"3 minuty"},"schema":{"@context":"https:\/\/schema.org","@graph":[{"@type":"Article","@id":"https:\/\/www.wybierzmyrazem.pl\/index.php\/2023\/07\/12\/jaki-odswiezacz-powietrza-do-lazienki-wybrac\/#article","isPartOf":{"@id":"https:\/\/www.wybierzmyrazem.pl\/index.php\/2023\/07\/12\/jaki-odswiezacz-powietrza-do-lazienki-wybrac\/"},"author":{"name":"dev5e2","@id":"https:\/\/www.wybierzmyrazem.pl\/#\/schema\/person\/63c38787c47f7fdd6991c64a3736de08"},"headline":"Jaki od\u015bwie\u017cacz powietrza do \u0142azienki wybra\u0107?","datePublished":"2023-07-12T15:30:45+00:00","dateModified":"2024-11-30T01:45:45+00:00","mainEntityOfPage":{"@id":"https:\/\/www.wybierzmyrazem.pl\/index.php\/2023\/07\/12\/jaki-odswiezacz-powietrza-do-lazienki-wybrac\/"},"wordCount":529,"publisher":{"@id":"https:\/\/www.wybierzmyrazem.pl\/#organization"},"image":{"@id":"https:\/\/www.wybierzmyrazem.pl\/index.php\/2023\/07\/12\/jaki-odswiezacz-powietrza-do-lazienki-wybrac\/#primaryimage"},"thumbnailUrl":"https:\/\/www.wybierzmyrazem.pl\/wp-content\/uploads\/2023\/07\/odswiezacz-powietrza.jpg","inLanguage":"pl-PL"},{"@type":"WebPage","@id":"https:\/\/www.wybierzmyrazem.pl\/index.php\/2023\/07\/12\/jaki-odswiezacz-powietrza-do-lazienki-wybrac\/","url":"https:\/\/www.wybierzmyrazem.pl\/index.php\/2023\/07\/12\/jaki-odswiezacz-powietrza-do-lazienki-wybrac\/","name":"Jaki od\u015bwie\u017cacz powietrza do \u0142azienki wybra\u0107? - wybierzmyrazem.pl","isPartOf":{"@id":"https:\/\/www.wybierzmyrazem.pl\/#website"},"primaryImageOfPage":{"@id":"https:\/\/www.wybierzmyrazem.pl\/index.php\/2023\/07\/12\/jaki-odswiezacz-powietrza-do-lazienki-wybrac\/#primaryimage"},"image":{"@id":"https:\/\/www.wybierzmyrazem.pl\/index.php\/2023\/07\/12\/jaki-odswiezacz-powietrza-do-lazienki-wybrac\/#primaryimage"},"thumbnailUrl":"https:\/\/www.wybierzmyrazem.pl\/wp-content\/uploads\/2023\/07\/odswiezacz-powietrza.jpg","datePublished":"2023-07-12T15:30:45+00:00","dateModified":"2024-11-30T01:45:45+00:00","breadcrumb":{"@id":"https:\/\/www.wybierzmyrazem.pl\/index.php\/2023\/07\/12\/jaki-odswiezacz-powietrza-do-lazienki-wybrac\/#breadcrumb"},"inLanguage":"pl-PL","potentialAction":[{"@type":"ReadAction","target":["https:\/\/www.wybierzmyrazem.pl\/index.php\/2023\/07\/12\/jaki-odswiezacz-powietrza-do-lazienki-wybrac\/"]}]},{"@type":"ImageObject","inLanguage":"pl-PL","@id":"https:\/\/www.wybierzmyrazem.pl\/index.php\/2023\/07\/12\/jaki-odswiezacz-powietrza-do-lazienki-wybrac\/#primaryimage","url":"https:\/\/www.wybierzmyrazem.pl\/wp-content\/uploads\/2023\/07\/odswiezacz-powietrza.jpg","contentUrl":"https:\/\/www.wybierzmyrazem.pl\/wp-content\/uploads\/2023\/07\/odswiezacz-powietrza.jpg","width":1485,"height":990,"caption":"od\u015bwie\u017cacz powietrza"},{"@type":"BreadcrumbList","@id":"https:\/\/www.wybierzmyrazem.pl\/index.php\/2023\/07\/12\/jaki-odswiezacz-powietrza-do-lazienki-wybrac\/#breadcrumb","itemListElement":[{"@type":"ListItem","position":1,"name":"Strona g\u0142\u00f3wna","item":"https:\/\/www.wybierzmyrazem.pl\/"},{"@type":"ListItem","position":2,"name":"Jaki od\u015bwie\u017cacz powietrza do \u0142azienki wybra\u0107?"}]},{"@type":"WebSite","@id":"https:\/\/www.wybierzmyrazem.pl\/#website","url":"https:\/\/www.wybierzmyrazem.pl\/","name":"wybierzmyrazem.pl","description":"Tw\u00f3j ulubiony blog!","publisher":{"@id":"https:\/\/www.wybierzmyrazem.pl\/#organization"},"potentialAction":[{"@type":"SearchAction","target":{"@type":"EntryPoint","urlTemplate":"https:\/\/www.wybierzmyrazem.pl\/?s={search_term_string}"},"query-input":{"@type":"PropertyValueSpecification","valueRequired":true,"valueName":"search_term_string"}}],"inLanguage":"pl-PL"},{"@type":"Organization","@id":"https:\/\/www.wybierzmyrazem.pl\/#organization","name":"wybierzmyrazem.pl","url":"https:\/\/www.wybierzmyrazem.pl\/","logo":{"@type":"ImageObject","inLanguage":"pl-PL","@id":"https:\/\/www.wybierzmyrazem.pl\/#\/schema\/logo\/image\/","url":"https:\/\/www.wybierzmyrazem.pl\/wp-content\/uploads\/2022\/05\/Screenshot.png","contentUrl":"https:\/\/www.wybierzmyrazem.pl\/wp-content\/uploads\/2022\/05\/Screenshot.png","width":321,"height":243,"caption":"wybierzmyrazem.pl"},"image":{"@id":"https:\/\/www.wybierzmyrazem.pl\/#\/schema\/logo\/image\/"}},{"@type":"Person","@id":"https:\/\/www.wybierzmyrazem.pl\/#\/schema\/person\/63c38787c47f7fdd6991c64a3736de08","name":"dev5e2","image":{"@type":"ImageObject","inLanguage":"pl-PL","@id":"https:\/\/secure.gravatar.com\/avatar\/074e977b919a27539450977a304f65b9a1233c5635db562dd184870dbba1fbc0?s=96&d=mm&r=g","url":"https:\/\/secure.gravatar.com\/avatar\/074e977b919a27539450977a304f65b9a1233c5635db562dd184870dbba1fbc0?s=96&d=mm&r=g","contentUrl":"https:\/\/secure.gravatar.com\/avatar\/074e977b919a27539450977a304f65b9a1233c5635db562dd184870dbba1fbc0?s=96&d=mm&r=g","caption":"dev5e2"},"sameAs":["http:\/\/wybierzmyrazem.pl"]}]}},"_links":{"self":[{"href":"https:\/\/www.wybierzmyrazem.pl\/index.php\/wp-json\/wp\/v2\/posts\/711","targetHints":{"allow":["GET"]}}],"collection":[{"href":"https:\/\/www.wybierzmyrazem.pl\/index.php\/wp-json\/wp\/v2\/posts"}],"about":[{"href":"https:\/\/www.wybierzmyrazem.pl\/index.php\/wp-json\/wp\/v2\/types\/post"}],"author":[{"embeddable":true,"href":"https:\/\/www.wybierzmyrazem.pl\/index.php\/wp-json\/wp\/v2\/users\/1"}],"replies":[{"embeddable":true,"href":"https:\/\/www.wybierzmyrazem.pl\/index.php\/wp-json\/wp\/v2\/comments?post=711"}],"version-history":[{"count":2,"href":"https:\/\/www.wybierzmyrazem.pl\/index.php\/wp-json\/wp\/v2\/posts\/711\/revisions"}],"predecessor-version":[{"id":1244,"href":"https:\/\/www.wybierzmyrazem.pl\/index.php\/wp-json\/wp\/v2\/posts\/711\/revisions\/1244"}],"wp:featuredmedia":[{"embeddable":true,"href":"https:\/\/www.wybierzmyrazem.pl\/index.php\/wp-json\/wp\/v2\/media\/827"}],"wp:attachment":[{"href":"https:\/\/www.wybierzmyrazem.pl\/index.php\/wp-json\/wp\/v2\/media?parent=711"}],"wp:term":[{"taxonomy":"category","embeddable":true,"href":"https:\/\/www.wybierzmyrazem.pl\/index.php\/wp-json\/wp\/v2\/categories?post=711"},{"taxonomy":"post_tag","embeddable":true,"href":"https:\/\/www.wybierzmyrazem.pl\/index.php\/wp-json\/wp\/v2\/tags?post=711"}],"curies":[{"name":"wp","href":"https:\/\/api.w.org\/{rel}","templated":true}]}}