{"id":82,"date":"2022-08-24T17:30:45","date_gmt":"2022-08-24T15:30:45","guid":{"rendered":"https:\/\/www.wybierzmyrazem.pl\/index.php\/2022\/08\/24\/aromaterapia-jakie-olejki-eteryczne-wybrac\/"},"modified":"2024-12-30T02:52:22","modified_gmt":"2024-12-30T01:52:22","slug":"aromaterapia-jakie-olejki-eteryczne-wybrac","status":"publish","type":"post","link":"https:\/\/www.wybierzmyrazem.pl\/index.php\/2022\/08\/24\/aromaterapia-jakie-olejki-eteryczne-wybrac\/","title":{"rendered":"Aromaterapia &#8211; jakie olejki eteryczne wybra\u0107?"},"content":{"rendered":"<p>Aromaterapia to coraz cz\u0119\u015bciej omawiana dziedzina naturalnego lecznictwa, kt\u00f3ra z roku na rok zdobywa coraz liczniejsze rzesze fan\u00f3w. Jest to spowodowane przede wszystkim \u0142atw\u0105 dost\u0119pno\u015bci\u0105 nowych olejk\u00f3w eterycznych oraz rosn\u0105c\u0105 \u015bwiadomo\u015bci\u0105 na temat skuteczno\u015bci ich stosowania. Osoby, kt\u00f3re dopiero zaczynaj\u0105 swoj\u0105 przygod\u0119 z aromaterapi\u0105 mog\u0105 czu\u0107 si\u0119 nieco zagubione w \u015bwiecie r\u00f3\u017cnorodnych preparat\u00f3w przeznaczonych do aromaterapii. Jakie olejki eteryczne wybiera\u0107, aby m\u00f3c zaobserwowa\u0107 pozytywne skutki ich stosowania w perspektywie d\u0142ugofalowej? Istniej\u0105 pewne propozycje, kt\u00f3re warto mie\u0107 w swoim arsenale zapachowym ju\u017c na sam pocz\u0105tek. <\/p>\n<h2><a id=\"_heading=h.gjdgxs\"><\/a>Olejki eteryczne do aromaterapii &#8211; korzy\u015bci stosowania <\/h2>\n<p>Korzystanie z olejk\u00f3w ma dzia\u0142anie nie tylko na cia\u0142o cz\u0142owieka, ale tak\u017ce na jego umys\u0142. St\u0105d olejki eteryczne do aromaterapii wyst\u0119puj\u0105 w wielu r\u00f3\u017cnych wersjach zapachowych, tak aby mo\u017cliwe by\u0142o dostosowanie konkretnego zapachu do ewentualnych problem\u00f3w, z jakimi spotykamy si\u0119 na co dzie\u0144. Stosowanie specjalnych olejk\u00f3w eterycznych do aromaterapii w ostatnich latach sta\u0142o si\u0119 niesamowicie popularne. Jest to spowodowane przede wszystkim dynamicznym wzrostem \u015bwiadomo\u015bci na temat naturalnych metod poprawy samopoczucia oraz tego, jak takie metody mog\u0105 korzystnie wp\u0142ywa\u0107 na zdrowie. W\u0142a\u015bnie dlatego coraz wi\u0119cej os\u00f3b zaczyna na powa\u017cnie interesowa\u0107 si\u0119 aromaterapi\u0105. <\/p>\n<p>Jakie olejki na co dzie\u0144 warto stosowa\u0107? Na samym pocz\u0105tku warto jednoznacznie okre\u015bli\u0107, czym tak naprawd\u0119 jest aromaterapia. To okre\u015blenie cz\u0119sto przewija si\u0119 w r\u00f3\u017cnych kr\u0119gach, jednak nie ka\u017cdy wie dok\u0142adnie, do jakich kwestii si\u0119 ono odnosi. Aromaterapia to nic innego jak po prostu terapia zapachami. Przyjmuje si\u0119, \u017ce okre\u015blone zapachy maj\u0105 zbawienne w\u0142a\u015bciwo\u015bci, z kt\u00f3rymi spotyka si\u0119 osoba pragn\u0105ca rozpocz\u0105\u0107 swoj\u0105 drog\u0119 z aromaterapi\u0105. Jakie olejki wybra\u0107? Jest to jedno z najcz\u0119\u015bciej zadawanych pyta\u0144, gdy wiadomo ju\u017c, czym tak naprawd\u0119 jest aromaterapia. Ta dziedzina medycyny naturalnej ceniona jest przede wszystkim za mo\u017cliwo\u015b\u0107 wykorzystywania zapach\u00f3w prosto z natury, maj\u0105cych bardzo korzystne dzia\u0142anie na ca\u0142y organizm cz\u0142owieka. Olejki eteryczne do aromaterapii zazwyczaj sprzedawane s\u0105 w niewielkich opakowaniach, dzi\u0119ki czemu zainteresowani tym tematem mog\u0105 szybko zbudowa\u0107 poka\u017an\u0105 kolekcj\u0119 zapach\u00f3w, jednocze\u015bnie nie martwi\u0105c si\u0119, \u017ce kt\u00f3ry\u015b z nich nie zostanie wykorzystany do ko\u0144ca. <\/p>\n<h2><a id=\"_heading=h.30j0zll\"><\/a>Aromaterapia &#8211; jakie olejki na co?<\/h2>\n<p>Zbi\u00f3r olejk\u00f3w eterycznych do aromaterapii to bardzo szeroka kategoria, kt\u00f3ra ma wiele do zaoferowania wszystkim zainteresowanym, szczeg\u00f3lnie je\u015bli chodzi o r\u00f3\u017cnorodno\u015bci produkt\u00f3w. Pocz\u0105tkuj\u0105cy mog\u0105 mie\u0107 problem przede wszystkim ze schematem dobierania odpowiednich produkt\u00f3w. Zasada jest jednak do\u015b\u0107 prosta &#8211; olejki eteryczne do aromaterapii dopasowuje si\u0119 w zale\u017cno\u015bci od tego, z jakimi problemami w danym momencie musi mierzy\u0107 si\u0119 osoba z nich korzystaj\u0105ca. Na r\u00f3\u017cne problemy ze zdrowiem oraz zbyt du\u017cym napi\u0119ciem skuteczne rozwi\u0105zania znalaz\u0142a w\u0142a\u015bnie aromaterapia. Jakie olejki wybra\u0107, aby poczu\u0107 jej moc? Wszystko jest zale\u017cne od indywidualnego zapotrzebowania. Jednym ze zdecydowanie najcz\u0119\u015bciej wybieranych produkt\u00f3w spo\u015br\u00f3d wszystkich olejk\u00f3w eterycznych do aromaterapii jest olejek lawendowy. Prezentuje on przede wszystkim dzia\u0142anie uspokajaj\u0105ce i relaksuj\u0105ce, dlatego doskonale sprawdzi si\u0119 jako dodatek do gor\u0105cej k\u0105pieli przed snem. Je\u015bli chodzi o emocje, kt\u00f3re trudno jest uspokoi\u0107, dobrze jest zdecydowa\u0107 si\u0119 tak\u017ce na zakup olejku pomara\u0144czowego. Ma on dzia\u0142anie antystresowe, dzi\u0119ki czemu jest w stanie zmniejszy\u0107 negatywne emocje. Ponadto dzia\u0142a on pobudzaj\u0105co. <\/p>\n<h2><a id=\"_heading=h.1fob9te\"><\/a>Aromaterapia &#8211; jakie olejki na choroby?<\/h2>\n<p>Olejki eteryczne do aromaterapii warto wprowadzi\u0107 r\u00f3wnie\u017c wtedy, gdy organizm nie jest w najlepszym stanie i potrzebuje naturalnego wsparcia w walce z chorob\u0105. W trakcie przezi\u0119bienia doskonale sprawdzi si\u0119 olejek z drzewa herbacianego, maj\u0105cy dzia\u0142anie u\u0142atwiaj\u0105ce oddychanie, nawet przy zatkanym nosie. Podobne dzia\u0142anie prezentuje olejek eukaliptusowy, imbirowy, pieprzowy, rozmarynowy, sosnowy, a tak\u017ce z sza\u0142wii lekarskiej oraz olejek mi\u0119towy. <\/p>\n","protected":false},"excerpt":{"rendered":"<p>Aromaterapia to coraz cz\u0119\u015bciej omawiana dziedzina naturalnego lecznictwa, kt\u00f3ra z roku na rok zdobywa coraz liczniejsze rzesze fan\u00f3w. Jest to spowodowane przede wszystkim \u0142atw\u0105 dost\u0119pno\u015bci\u0105 nowych olejk\u00f3w eterycznych oraz rosn\u0105c\u0105&#8230;<\/p>\n","protected":false},"author":1,"featured_media":81,"comment_status":"closed","ping_status":"closed","sticky":false,"template":"","format":"standard","meta":{"footnotes":""},"categories":[1],"tags":[],"class_list":["post-82","post","type-post","status-publish","format-standard","has-post-thumbnail","hentry","category-bez-kategorii"],"yoast_head":"<!-- This site is optimized with the Yoast SEO plugin v27.4 - https:\/\/yoast.com\/product\/yoast-seo-wordpress\/ -->\n<title>Aromaterapia - jakie olejki eteryczne wybra\u0107? - wybierzmyrazem.pl<\/title>\n<meta name=\"robots\" content=\"index, follow, max-snippet:-1, max-image-preview:large, max-video-preview:-1\" \/>\n<link rel=\"canonical\" href=\"https:\/\/www.wybierzmyrazem.pl\/index.php\/2022\/08\/24\/aromaterapia-jakie-olejki-eteryczne-wybrac\/\" \/>\n<meta property=\"og:locale\" content=\"pl_PL\" \/>\n<meta property=\"og:type\" content=\"article\" \/>\n<meta property=\"og:title\" content=\"Aromaterapia - jakie olejki eteryczne wybra\u0107? - wybierzmyrazem.pl\" \/>\n<meta property=\"og:description\" content=\"Aromaterapia to coraz cz\u0119\u015bciej omawiana dziedzina naturalnego lecznictwa, kt\u00f3ra z roku na rok zdobywa coraz liczniejsze rzesze fan\u00f3w. Jest to spowodowane przede wszystkim \u0142atw\u0105 dost\u0119pno\u015bci\u0105 nowych olejk\u00f3w eterycznych oraz rosn\u0105c\u0105...\" \/>\n<meta property=\"og:url\" content=\"https:\/\/www.wybierzmyrazem.pl\/index.php\/2022\/08\/24\/aromaterapia-jakie-olejki-eteryczne-wybrac\/\" \/>\n<meta property=\"og:site_name\" content=\"wybierzmyrazem.pl\" \/>\n<meta property=\"article:published_time\" content=\"2022-08-24T15:30:45+00:00\" \/>\n<meta property=\"article:modified_time\" content=\"2024-12-30T01:52:22+00:00\" \/>\n<meta property=\"og:image\" content=\"https:\/\/www.wybierzmyrazem.pl\/wp-content\/uploads\/2022\/09\/gb49500bd298bbc4674e8c5b5d00cb275168b97b4b34c079d412c8e2e73a828fb4f1ab6d4bfcd44072fd39a6f12e6f1e7f2849a79efbd4e064da4b0f6a38fc285_1280.jpg\" \/>\n\t<meta property=\"og:image:width\" content=\"1280\" \/>\n\t<meta property=\"og:image:height\" content=\"960\" \/>\n\t<meta property=\"og:image:type\" content=\"image\/jpeg\" \/>\n<meta name=\"author\" content=\"dev5e2\" \/>\n<meta name=\"twitter:card\" content=\"summary_large_image\" \/>\n<meta name=\"twitter:label1\" content=\"Napisane przez\" \/>\n\t<meta name=\"twitter:data1\" content=\"dev5e2\" \/>\n\t<meta name=\"twitter:label2\" content=\"Szacowany czas czytania\" \/>\n\t<meta name=\"twitter:data2\" content=\"3 minuty\" \/>\n<script type=\"application\/ld+json\" class=\"yoast-schema-graph\">{\"@context\":\"https:\\\/\\\/schema.org\",\"@graph\":[{\"@type\":\"Article\",\"@id\":\"https:\\\/\\\/www.wybierzmyrazem.pl\\\/index.php\\\/2022\\\/08\\\/24\\\/aromaterapia-jakie-olejki-eteryczne-wybrac\\\/#article\",\"isPartOf\":{\"@id\":\"https:\\\/\\\/www.wybierzmyrazem.pl\\\/index.php\\\/2022\\\/08\\\/24\\\/aromaterapia-jakie-olejki-eteryczne-wybrac\\\/\"},\"author\":{\"name\":\"dev5e2\",\"@id\":\"https:\\\/\\\/www.wybierzmyrazem.pl\\\/#\\\/schema\\\/person\\\/63c38787c47f7fdd6991c64a3736de08\"},\"headline\":\"Aromaterapia &#8211; jakie olejki eteryczne wybra\u0107?\",\"datePublished\":\"2022-08-24T15:30:45+00:00\",\"dateModified\":\"2024-12-30T01:52:22+00:00\",\"mainEntityOfPage\":{\"@id\":\"https:\\\/\\\/www.wybierzmyrazem.pl\\\/index.php\\\/2022\\\/08\\\/24\\\/aromaterapia-jakie-olejki-eteryczne-wybrac\\\/\"},\"wordCount\":669,\"publisher\":{\"@id\":\"https:\\\/\\\/www.wybierzmyrazem.pl\\\/#organization\"},\"image\":{\"@id\":\"https:\\\/\\\/www.wybierzmyrazem.pl\\\/index.php\\\/2022\\\/08\\\/24\\\/aromaterapia-jakie-olejki-eteryczne-wybrac\\\/#primaryimage\"},\"thumbnailUrl\":\"https:\\\/\\\/www.wybierzmyrazem.pl\\\/wp-content\\\/uploads\\\/2022\\\/09\\\/gb49500bd298bbc4674e8c5b5d00cb275168b97b4b34c079d412c8e2e73a828fb4f1ab6d4bfcd44072fd39a6f12e6f1e7f2849a79efbd4e064da4b0f6a38fc285_1280.jpg\",\"inLanguage\":\"pl-PL\"},{\"@type\":\"WebPage\",\"@id\":\"https:\\\/\\\/www.wybierzmyrazem.pl\\\/index.php\\\/2022\\\/08\\\/24\\\/aromaterapia-jakie-olejki-eteryczne-wybrac\\\/\",\"url\":\"https:\\\/\\\/www.wybierzmyrazem.pl\\\/index.php\\\/2022\\\/08\\\/24\\\/aromaterapia-jakie-olejki-eteryczne-wybrac\\\/\",\"name\":\"Aromaterapia - jakie olejki eteryczne wybra\u0107? - wybierzmyrazem.pl\",\"isPartOf\":{\"@id\":\"https:\\\/\\\/www.wybierzmyrazem.pl\\\/#website\"},\"primaryImageOfPage\":{\"@id\":\"https:\\\/\\\/www.wybierzmyrazem.pl\\\/index.php\\\/2022\\\/08\\\/24\\\/aromaterapia-jakie-olejki-eteryczne-wybrac\\\/#primaryimage\"},\"image\":{\"@id\":\"https:\\\/\\\/www.wybierzmyrazem.pl\\\/index.php\\\/2022\\\/08\\\/24\\\/aromaterapia-jakie-olejki-eteryczne-wybrac\\\/#primaryimage\"},\"thumbnailUrl\":\"https:\\\/\\\/www.wybierzmyrazem.pl\\\/wp-content\\\/uploads\\\/2022\\\/09\\\/gb49500bd298bbc4674e8c5b5d00cb275168b97b4b34c079d412c8e2e73a828fb4f1ab6d4bfcd44072fd39a6f12e6f1e7f2849a79efbd4e064da4b0f6a38fc285_1280.jpg\",\"datePublished\":\"2022-08-24T15:30:45+00:00\",\"dateModified\":\"2024-12-30T01:52:22+00:00\",\"breadcrumb\":{\"@id\":\"https:\\\/\\\/www.wybierzmyrazem.pl\\\/index.php\\\/2022\\\/08\\\/24\\\/aromaterapia-jakie-olejki-eteryczne-wybrac\\\/#breadcrumb\"},\"inLanguage\":\"pl-PL\",\"potentialAction\":[{\"@type\":\"ReadAction\",\"target\":[\"https:\\\/\\\/www.wybierzmyrazem.pl\\\/index.php\\\/2022\\\/08\\\/24\\\/aromaterapia-jakie-olejki-eteryczne-wybrac\\\/\"]}]},{\"@type\":\"ImageObject\",\"inLanguage\":\"pl-PL\",\"@id\":\"https:\\\/\\\/www.wybierzmyrazem.pl\\\/index.php\\\/2022\\\/08\\\/24\\\/aromaterapia-jakie-olejki-eteryczne-wybrac\\\/#primaryimage\",\"url\":\"https:\\\/\\\/www.wybierzmyrazem.pl\\\/wp-content\\\/uploads\\\/2022\\\/09\\\/gb49500bd298bbc4674e8c5b5d00cb275168b97b4b34c079d412c8e2e73a828fb4f1ab6d4bfcd44072fd39a6f12e6f1e7f2849a79efbd4e064da4b0f6a38fc285_1280.jpg\",\"contentUrl\":\"https:\\\/\\\/www.wybierzmyrazem.pl\\\/wp-content\\\/uploads\\\/2022\\\/09\\\/gb49500bd298bbc4674e8c5b5d00cb275168b97b4b34c079d412c8e2e73a828fb4f1ab6d4bfcd44072fd39a6f12e6f1e7f2849a79efbd4e064da4b0f6a38fc285_1280.jpg\",\"width\":1280,\"height\":960,\"caption\":\"aromaterapia\"},{\"@type\":\"BreadcrumbList\",\"@id\":\"https:\\\/\\\/www.wybierzmyrazem.pl\\\/index.php\\\/2022\\\/08\\\/24\\\/aromaterapia-jakie-olejki-eteryczne-wybrac\\\/#breadcrumb\",\"itemListElement\":[{\"@type\":\"ListItem\",\"position\":1,\"name\":\"Strona g\u0142\u00f3wna\",\"item\":\"https:\\\/\\\/www.wybierzmyrazem.pl\\\/\"},{\"@type\":\"ListItem\",\"position\":2,\"name\":\"Aromaterapia &#8211; jakie olejki eteryczne wybra\u0107?\"}]},{\"@type\":\"WebSite\",\"@id\":\"https:\\\/\\\/www.wybierzmyrazem.pl\\\/#website\",\"url\":\"https:\\\/\\\/www.wybierzmyrazem.pl\\\/\",\"name\":\"wybierzmyrazem.pl\",\"description\":\"Tw\u00f3j ulubiony blog!\",\"publisher\":{\"@id\":\"https:\\\/\\\/www.wybierzmyrazem.pl\\\/#organization\"},\"potentialAction\":[{\"@type\":\"SearchAction\",\"target\":{\"@type\":\"EntryPoint\",\"urlTemplate\":\"https:\\\/\\\/www.wybierzmyrazem.pl\\\/?s={search_term_string}\"},\"query-input\":{\"@type\":\"PropertyValueSpecification\",\"valueRequired\":true,\"valueName\":\"search_term_string\"}}],\"inLanguage\":\"pl-PL\"},{\"@type\":\"Organization\",\"@id\":\"https:\\\/\\\/www.wybierzmyrazem.pl\\\/#organization\",\"name\":\"wybierzmyrazem.pl\",\"url\":\"https:\\\/\\\/www.wybierzmyrazem.pl\\\/\",\"logo\":{\"@type\":\"ImageObject\",\"inLanguage\":\"pl-PL\",\"@id\":\"https:\\\/\\\/www.wybierzmyrazem.pl\\\/#\\\/schema\\\/logo\\\/image\\\/\",\"url\":\"https:\\\/\\\/www.wybierzmyrazem.pl\\\/wp-content\\\/uploads\\\/2022\\\/05\\\/Screenshot.png\",\"contentUrl\":\"https:\\\/\\\/www.wybierzmyrazem.pl\\\/wp-content\\\/uploads\\\/2022\\\/05\\\/Screenshot.png\",\"width\":321,\"height\":243,\"caption\":\"wybierzmyrazem.pl\"},\"image\":{\"@id\":\"https:\\\/\\\/www.wybierzmyrazem.pl\\\/#\\\/schema\\\/logo\\\/image\\\/\"}},{\"@type\":\"Person\",\"@id\":\"https:\\\/\\\/www.wybierzmyrazem.pl\\\/#\\\/schema\\\/person\\\/63c38787c47f7fdd6991c64a3736de08\",\"name\":\"dev5e2\",\"image\":{\"@type\":\"ImageObject\",\"inLanguage\":\"pl-PL\",\"@id\":\"https:\\\/\\\/secure.gravatar.com\\\/avatar\\\/074e977b919a27539450977a304f65b9a1233c5635db562dd184870dbba1fbc0?s=96&d=mm&r=g\",\"url\":\"https:\\\/\\\/secure.gravatar.com\\\/avatar\\\/074e977b919a27539450977a304f65b9a1233c5635db562dd184870dbba1fbc0?s=96&d=mm&r=g\",\"contentUrl\":\"https:\\\/\\\/secure.gravatar.com\\\/avatar\\\/074e977b919a27539450977a304f65b9a1233c5635db562dd184870dbba1fbc0?s=96&d=mm&r=g\",\"caption\":\"dev5e2\"},\"sameAs\":[\"http:\\\/\\\/wybierzmyrazem.pl\"]}]}<\/script>\n<!-- \/ Yoast SEO plugin. -->","yoast_head_json":{"title":"Aromaterapia - jakie olejki eteryczne wybra\u0107? - wybierzmyrazem.pl","robots":{"index":"index","follow":"follow","max-snippet":"max-snippet:-1","max-image-preview":"max-image-preview:large","max-video-preview":"max-video-preview:-1"},"canonical":"https:\/\/www.wybierzmyrazem.pl\/index.php\/2022\/08\/24\/aromaterapia-jakie-olejki-eteryczne-wybrac\/","og_locale":"pl_PL","og_type":"article","og_title":"Aromaterapia - jakie olejki eteryczne wybra\u0107? - wybierzmyrazem.pl","og_description":"Aromaterapia to coraz cz\u0119\u015bciej omawiana dziedzina naturalnego lecznictwa, kt\u00f3ra z roku na rok zdobywa coraz liczniejsze rzesze fan\u00f3w. Jest to spowodowane przede wszystkim \u0142atw\u0105 dost\u0119pno\u015bci\u0105 nowych olejk\u00f3w eterycznych oraz rosn\u0105c\u0105...","og_url":"https:\/\/www.wybierzmyrazem.pl\/index.php\/2022\/08\/24\/aromaterapia-jakie-olejki-eteryczne-wybrac\/","og_site_name":"wybierzmyrazem.pl","article_published_time":"2022-08-24T15:30:45+00:00","article_modified_time":"2024-12-30T01:52:22+00:00","og_image":[{"width":1280,"height":960,"url":"https:\/\/www.wybierzmyrazem.pl\/wp-content\/uploads\/2022\/09\/gb49500bd298bbc4674e8c5b5d00cb275168b97b4b34c079d412c8e2e73a828fb4f1ab6d4bfcd44072fd39a6f12e6f1e7f2849a79efbd4e064da4b0f6a38fc285_1280.jpg","type":"image\/jpeg"}],"author":"dev5e2","twitter_card":"summary_large_image","twitter_misc":{"Napisane przez":"dev5e2","Szacowany czas czytania":"3 minuty"},"schema":{"@context":"https:\/\/schema.org","@graph":[{"@type":"Article","@id":"https:\/\/www.wybierzmyrazem.pl\/index.php\/2022\/08\/24\/aromaterapia-jakie-olejki-eteryczne-wybrac\/#article","isPartOf":{"@id":"https:\/\/www.wybierzmyrazem.pl\/index.php\/2022\/08\/24\/aromaterapia-jakie-olejki-eteryczne-wybrac\/"},"author":{"name":"dev5e2","@id":"https:\/\/www.wybierzmyrazem.pl\/#\/schema\/person\/63c38787c47f7fdd6991c64a3736de08"},"headline":"Aromaterapia &#8211; jakie olejki eteryczne wybra\u0107?","datePublished":"2022-08-24T15:30:45+00:00","dateModified":"2024-12-30T01:52:22+00:00","mainEntityOfPage":{"@id":"https:\/\/www.wybierzmyrazem.pl\/index.php\/2022\/08\/24\/aromaterapia-jakie-olejki-eteryczne-wybrac\/"},"wordCount":669,"publisher":{"@id":"https:\/\/www.wybierzmyrazem.pl\/#organization"},"image":{"@id":"https:\/\/www.wybierzmyrazem.pl\/index.php\/2022\/08\/24\/aromaterapia-jakie-olejki-eteryczne-wybrac\/#primaryimage"},"thumbnailUrl":"https:\/\/www.wybierzmyrazem.pl\/wp-content\/uploads\/2022\/09\/gb49500bd298bbc4674e8c5b5d00cb275168b97b4b34c079d412c8e2e73a828fb4f1ab6d4bfcd44072fd39a6f12e6f1e7f2849a79efbd4e064da4b0f6a38fc285_1280.jpg","inLanguage":"pl-PL"},{"@type":"WebPage","@id":"https:\/\/www.wybierzmyrazem.pl\/index.php\/2022\/08\/24\/aromaterapia-jakie-olejki-eteryczne-wybrac\/","url":"https:\/\/www.wybierzmyrazem.pl\/index.php\/2022\/08\/24\/aromaterapia-jakie-olejki-eteryczne-wybrac\/","name":"Aromaterapia - jakie olejki eteryczne wybra\u0107? - wybierzmyrazem.pl","isPartOf":{"@id":"https:\/\/www.wybierzmyrazem.pl\/#website"},"primaryImageOfPage":{"@id":"https:\/\/www.wybierzmyrazem.pl\/index.php\/2022\/08\/24\/aromaterapia-jakie-olejki-eteryczne-wybrac\/#primaryimage"},"image":{"@id":"https:\/\/www.wybierzmyrazem.pl\/index.php\/2022\/08\/24\/aromaterapia-jakie-olejki-eteryczne-wybrac\/#primaryimage"},"thumbnailUrl":"https:\/\/www.wybierzmyrazem.pl\/wp-content\/uploads\/2022\/09\/gb49500bd298bbc4674e8c5b5d00cb275168b97b4b34c079d412c8e2e73a828fb4f1ab6d4bfcd44072fd39a6f12e6f1e7f2849a79efbd4e064da4b0f6a38fc285_1280.jpg","datePublished":"2022-08-24T15:30:45+00:00","dateModified":"2024-12-30T01:52:22+00:00","breadcrumb":{"@id":"https:\/\/www.wybierzmyrazem.pl\/index.php\/2022\/08\/24\/aromaterapia-jakie-olejki-eteryczne-wybrac\/#breadcrumb"},"inLanguage":"pl-PL","potentialAction":[{"@type":"ReadAction","target":["https:\/\/www.wybierzmyrazem.pl\/index.php\/2022\/08\/24\/aromaterapia-jakie-olejki-eteryczne-wybrac\/"]}]},{"@type":"ImageObject","inLanguage":"pl-PL","@id":"https:\/\/www.wybierzmyrazem.pl\/index.php\/2022\/08\/24\/aromaterapia-jakie-olejki-eteryczne-wybrac\/#primaryimage","url":"https:\/\/www.wybierzmyrazem.pl\/wp-content\/uploads\/2022\/09\/gb49500bd298bbc4674e8c5b5d00cb275168b97b4b34c079d412c8e2e73a828fb4f1ab6d4bfcd44072fd39a6f12e6f1e7f2849a79efbd4e064da4b0f6a38fc285_1280.jpg","contentUrl":"https:\/\/www.wybierzmyrazem.pl\/wp-content\/uploads\/2022\/09\/gb49500bd298bbc4674e8c5b5d00cb275168b97b4b34c079d412c8e2e73a828fb4f1ab6d4bfcd44072fd39a6f12e6f1e7f2849a79efbd4e064da4b0f6a38fc285_1280.jpg","width":1280,"height":960,"caption":"aromaterapia"},{"@type":"BreadcrumbList","@id":"https:\/\/www.wybierzmyrazem.pl\/index.php\/2022\/08\/24\/aromaterapia-jakie-olejki-eteryczne-wybrac\/#breadcrumb","itemListElement":[{"@type":"ListItem","position":1,"name":"Strona g\u0142\u00f3wna","item":"https:\/\/www.wybierzmyrazem.pl\/"},{"@type":"ListItem","position":2,"name":"Aromaterapia &#8211; jakie olejki eteryczne wybra\u0107?"}]},{"@type":"WebSite","@id":"https:\/\/www.wybierzmyrazem.pl\/#website","url":"https:\/\/www.wybierzmyrazem.pl\/","name":"wybierzmyrazem.pl","description":"Tw\u00f3j ulubiony blog!","publisher":{"@id":"https:\/\/www.wybierzmyrazem.pl\/#organization"},"potentialAction":[{"@type":"SearchAction","target":{"@type":"EntryPoint","urlTemplate":"https:\/\/www.wybierzmyrazem.pl\/?s={search_term_string}"},"query-input":{"@type":"PropertyValueSpecification","valueRequired":true,"valueName":"search_term_string"}}],"inLanguage":"pl-PL"},{"@type":"Organization","@id":"https:\/\/www.wybierzmyrazem.pl\/#organization","name":"wybierzmyrazem.pl","url":"https:\/\/www.wybierzmyrazem.pl\/","logo":{"@type":"ImageObject","inLanguage":"pl-PL","@id":"https:\/\/www.wybierzmyrazem.pl\/#\/schema\/logo\/image\/","url":"https:\/\/www.wybierzmyrazem.pl\/wp-content\/uploads\/2022\/05\/Screenshot.png","contentUrl":"https:\/\/www.wybierzmyrazem.pl\/wp-content\/uploads\/2022\/05\/Screenshot.png","width":321,"height":243,"caption":"wybierzmyrazem.pl"},"image":{"@id":"https:\/\/www.wybierzmyrazem.pl\/#\/schema\/logo\/image\/"}},{"@type":"Person","@id":"https:\/\/www.wybierzmyrazem.pl\/#\/schema\/person\/63c38787c47f7fdd6991c64a3736de08","name":"dev5e2","image":{"@type":"ImageObject","inLanguage":"pl-PL","@id":"https:\/\/secure.gravatar.com\/avatar\/074e977b919a27539450977a304f65b9a1233c5635db562dd184870dbba1fbc0?s=96&d=mm&r=g","url":"https:\/\/secure.gravatar.com\/avatar\/074e977b919a27539450977a304f65b9a1233c5635db562dd184870dbba1fbc0?s=96&d=mm&r=g","contentUrl":"https:\/\/secure.gravatar.com\/avatar\/074e977b919a27539450977a304f65b9a1233c5635db562dd184870dbba1fbc0?s=96&d=mm&r=g","caption":"dev5e2"},"sameAs":["http:\/\/wybierzmyrazem.pl"]}]}},"_links":{"self":[{"href":"https:\/\/www.wybierzmyrazem.pl\/index.php\/wp-json\/wp\/v2\/posts\/82","targetHints":{"allow":["GET"]}}],"collection":[{"href":"https:\/\/www.wybierzmyrazem.pl\/index.php\/wp-json\/wp\/v2\/posts"}],"about":[{"href":"https:\/\/www.wybierzmyrazem.pl\/index.php\/wp-json\/wp\/v2\/types\/post"}],"author":[{"embeddable":true,"href":"https:\/\/www.wybierzmyrazem.pl\/index.php\/wp-json\/wp\/v2\/users\/1"}],"replies":[{"embeddable":true,"href":"https:\/\/www.wybierzmyrazem.pl\/index.php\/wp-json\/wp\/v2\/comments?post=82"}],"version-history":[{"count":1,"href":"https:\/\/www.wybierzmyrazem.pl\/index.php\/wp-json\/wp\/v2\/posts\/82\/revisions"}],"predecessor-version":[{"id":1251,"href":"https:\/\/www.wybierzmyrazem.pl\/index.php\/wp-json\/wp\/v2\/posts\/82\/revisions\/1251"}],"wp:featuredmedia":[{"embeddable":true,"href":"https:\/\/www.wybierzmyrazem.pl\/index.php\/wp-json\/wp\/v2\/media\/81"}],"wp:attachment":[{"href":"https:\/\/www.wybierzmyrazem.pl\/index.php\/wp-json\/wp\/v2\/media?parent=82"}],"wp:term":[{"taxonomy":"category","embeddable":true,"href":"https:\/\/www.wybierzmyrazem.pl\/index.php\/wp-json\/wp\/v2\/categories?post=82"},{"taxonomy":"post_tag","embeddable":true,"href":"https:\/\/www.wybierzmyrazem.pl\/index.php\/wp-json\/wp\/v2\/tags?post=82"}],"curies":[{"name":"wp","href":"https:\/\/api.w.org\/{rel}","templated":true}]}}