{"id":94,"date":"2022-09-05T17:30:45","date_gmt":"2022-09-05T15:30:45","guid":{"rendered":"https:\/\/www.wybierzmyrazem.pl\/index.php\/2022\/09\/05\/czym-sie-rozni-radca-prawny-od-adwokata\/"},"modified":"2025-10-01T02:50:50","modified_gmt":"2025-10-01T00:50:50","slug":"czym-sie-rozni-radca-prawny-od-adwokata","status":"publish","type":"post","link":"https:\/\/www.wybierzmyrazem.pl\/index.php\/2022\/09\/05\/czym-sie-rozni-radca-prawny-od-adwokata\/","title":{"rendered":"Czym si\u0119 r\u00f3\u017cni radca prawny od adwokata?"},"content":{"rendered":"<p>Prawo potrafi by\u0107 niezwykle zawi\u0142e &#8211; szczeg\u00f3lnie wtedy, kiedy nie masz z nim do czynienia na co dzie\u0144. \u017bycie potrafi jednak zaskakiwa\u0107 i niejednokrotnie mo\u017cesz mie\u0107 do czynienia z sytuacjami wyj\u0105tkowymi, w kt\u00f3rych znajomo\u015b\u0107 przepis\u00f3w okazuje si\u0119 bardzo przydatna. Co jednak zrobi\u0107, kiedy dotychczas nie zwraca\u0142e\u015b uwag\u0119 na takie kwestie, a okaza\u0142o si\u0119, \u017ce potrzebne b\u0119d\u0105 informacje zwi\u0105zane z prawem lub pomoc w postaci reprezentowania Twoich interes\u00f3w przed s\u0105dem?<\/p>\n<p>Aby pom\u00f3c ludziom, kt\u00f3rzy znaj\u0105 wy\u0142\u0105cznie podstawy prawa, a nie niuanse z nim zwi\u0105zane, powsta\u0142y specjalne instytucje, takie jak radca prawny i adwokat. Cz\u0119\u015b\u0107 os\u00f3b myli ze sob\u0105 te dwie nazwy oraz u\u017cywa ich naprzemiennie. To oczywi\u015bcie jest b\u0142\u0119dem, poniewa\u017c zar\u00f3wno radca prawny, jak i adwokat wykonuj\u0105 r\u00f3\u017cne obowi\u0105zki. Je\u015bli jednak chcesz dowiedzie\u0107 si\u0119 wi\u0119cej na temat obu wymienionych zawod\u00f3w, to jeste\u015b teraz w odpowiednim miejscu. Poni\u017cej znajdziesz odpowiedzi na najcz\u0119\u015bciej zadawane pytania dotycz\u0105ce r\u00f3\u017cnic mi\u0119dzy radc\u0105 prawnym a adwokatem.<\/p>\n<h2><a id=\"_7w7wsp4ebdti\"><\/a>Czym r\u00f3\u017cni si\u0119 radca prawny od adwokata?<\/h2>\n<p>Mawia si\u0119, \u017ce radcy prawni zajmuj\u0105 si\u0119 sprawami cywilnymi i gospodarczymi, natomiast adwokaci to specjali\u015bci od spraw karnych. Stwierdzenie to jednak nie ma zbyt du\u017co wsp\u00f3lnego z prawd\u0105. Wspomniany podzia\u0142 cz\u0119sto wyst\u0119puje, jednak najcz\u0119\u015bciej ze wzgl\u0119d\u00f3w innych ni\u017c kompetencje, uprawnienia czy mo\u017cliwo\u015bci.<\/p>\n<p>Zgodnie z definicj\u0105, radca prawny to osoba po studiach prawniczych, kt\u00f3ra odby\u0142a dodatkowo aplikacj\u0119 prawnicz\u0105. Dzi\u0119ki temu posiada uprawnienia do udzielania porad prawnych, konsultacji, sporz\u0105dzania opinii prawnych, przygotowywania um\u00f3w oraz akt\u00f3w prawnych, a tak\u017ce reprezentowanie klienta przed organami s\u0105downictwa w charakterze obro\u0144cy lub pe\u0142nomocnika.<\/p>\n<p>Adwokat r\u00f3wnie\u017c musi uko\u0144czy\u0107 zar\u00f3wno pi\u0119cioletnie studia prawnicze, jak i aplikacj\u0119. Posiada tak\u017ce takie same uprawnienia jak radca prawny. Czy mamy wi\u0119c do czynienia z tym samym stanowiskiem, jednak pod inn\u0105 nazw\u0105? Ot\u00f3\u017c nie. G\u0142\u00f3wn\u0105 r\u00f3\u017cnic\u0119 stanowi tutaj mo\u017cliwo\u015b\u0107 zatrudnienia radcy prawnego na umow\u0119 o prac\u0119, natomiast w przypadku adwokata nie ma takiej opcji. Trzeba r\u00f3wnie\u017c bra\u0107 pod uwag\u0119, \u017ce w przypadku pierwszego z wymienionych specjalist\u00f3w nale\u017cy liczy\u0107 si\u0119 z tym, \u017ce nie mo\u017ce on w takiej sytuacji obejmowa\u0107 stanowiska obro\u0144cy w sprawach karnoskarbowych oraz karnych.<\/p>\n<p><a id=\"_tatg3bhq7cp6\"><\/a><\/p>\n<h2>Radca prawny, Lublin &#8211; kiedy nale\u017cy zg\u0142osi\u0107 si\u0119 do niego po pomoc?<\/h2>\n<p>Wiesz ju\u017c, jakie s\u0105 r\u00f3\u017cnice mi\u0119dzy radc\u0105 prawnym a adwokatem. Jak jednak wybra\u0107 tego najlepszego, aby mie\u0107 absolutn\u0105 pewno\u015b\u0107, \u017ce zostan\u0105 poczynione wszelkie starania, aby sprawa rozstrzygn\u0119\u0142a si\u0119 pomy\u015blnie? Je\u015bli chodzi o radc\u00f3w prawnych, Lublin stanowi miasto, gdzie mo\u017cna spotka\u0107 wielu takich specjalist\u00f3w z dziedziny prawa. Jest wi\u0119c z czego wybiera\u0107, co pozwala klientom prawnik\u00f3w podj\u0105\u0107 decyzj\u0119 w oparciu zar\u00f3wno o swoje potrzeby, jak i wymagania oraz mo\u017cliwo\u015bci finansowe.<\/p>\n<p>Warto te\u017c przed podj\u0119ciem decyzji o skorzystaniu z us\u0142ug konkretnego radcy zapozna\u0107 si\u0119 z opiniami na temat wybranego specjalisty. Dzi\u0119ki temu mo\u017cna unikn\u0105\u0107 nieporozumie\u0144 i k\u0142opot\u00f3w w przysz\u0142o\u015bci.<\/p>\n","protected":false},"excerpt":{"rendered":"<p>Prawo potrafi by\u0107 niezwykle zawi\u0142e &#8211; szczeg\u00f3lnie wtedy, kiedy nie masz z nim do czynienia na co dzie\u0144. \u017bycie potrafi jednak zaskakiwa\u0107 i niejednokrotnie mo\u017cesz mie\u0107 do czynienia z sytuacjami&#8230;<\/p>\n","protected":false},"author":1,"featured_media":93,"comment_status":"closed","ping_status":"closed","sticky":false,"template":"","format":"standard","meta":{"footnotes":""},"categories":[1],"tags":[],"class_list":["post-94","post","type-post","status-publish","format-standard","has-post-thumbnail","hentry","category-bez-kategorii"],"yoast_head":"<!-- This site is optimized with the Yoast SEO plugin v27.4 - https:\/\/yoast.com\/product\/yoast-seo-wordpress\/ -->\n<title>Czym si\u0119 r\u00f3\u017cni radca prawny od adwokata? - wybierzmyrazem.pl<\/title>\n<meta name=\"robots\" content=\"index, follow, max-snippet:-1, max-image-preview:large, max-video-preview:-1\" \/>\n<link rel=\"canonical\" href=\"https:\/\/www.wybierzmyrazem.pl\/index.php\/2022\/09\/05\/czym-sie-rozni-radca-prawny-od-adwokata\/\" \/>\n<meta property=\"og:locale\" content=\"pl_PL\" \/>\n<meta property=\"og:type\" content=\"article\" \/>\n<meta property=\"og:title\" content=\"Czym si\u0119 r\u00f3\u017cni radca prawny od adwokata? - wybierzmyrazem.pl\" \/>\n<meta property=\"og:description\" content=\"Prawo potrafi by\u0107 niezwykle zawi\u0142e &#8211; szczeg\u00f3lnie wtedy, kiedy nie masz z nim do czynienia na co dzie\u0144. \u017bycie potrafi jednak zaskakiwa\u0107 i niejednokrotnie mo\u017cesz mie\u0107 do czynienia z sytuacjami...\" \/>\n<meta property=\"og:url\" content=\"https:\/\/www.wybierzmyrazem.pl\/index.php\/2022\/09\/05\/czym-sie-rozni-radca-prawny-od-adwokata\/\" \/>\n<meta property=\"og:site_name\" content=\"wybierzmyrazem.pl\" \/>\n<meta property=\"article:published_time\" content=\"2022-09-05T15:30:45+00:00\" \/>\n<meta property=\"article:modified_time\" content=\"2025-10-01T00:50:50+00:00\" \/>\n<meta property=\"og:image\" content=\"https:\/\/www.wybierzmyrazem.pl\/wp-content\/uploads\/2022\/09\/gc8a18221ceac0979ae2eed4b5546ea8210680dc5ec0ae09bde1c0493e54f48385770b64bad78335fce7581cc95ca9482c337cc58ddf74f5b6c954dcf8d511624_1280.jpg\" \/>\n\t<meta property=\"og:image:width\" content=\"1280\" \/>\n\t<meta property=\"og:image:height\" content=\"731\" \/>\n\t<meta property=\"og:image:type\" content=\"image\/jpeg\" \/>\n<meta name=\"author\" content=\"dev5e2\" \/>\n<meta name=\"twitter:card\" content=\"summary_large_image\" \/>\n<meta name=\"twitter:label1\" content=\"Napisane przez\" \/>\n\t<meta name=\"twitter:data1\" content=\"dev5e2\" \/>\n\t<meta name=\"twitter:label2\" content=\"Szacowany czas czytania\" \/>\n\t<meta name=\"twitter:data2\" content=\"3 minuty\" \/>\n<script type=\"application\/ld+json\" class=\"yoast-schema-graph\">{\"@context\":\"https:\\\/\\\/schema.org\",\"@graph\":[{\"@type\":\"Article\",\"@id\":\"https:\\\/\\\/www.wybierzmyrazem.pl\\\/index.php\\\/2022\\\/09\\\/05\\\/czym-sie-rozni-radca-prawny-od-adwokata\\\/#article\",\"isPartOf\":{\"@id\":\"https:\\\/\\\/www.wybierzmyrazem.pl\\\/index.php\\\/2022\\\/09\\\/05\\\/czym-sie-rozni-radca-prawny-od-adwokata\\\/\"},\"author\":{\"name\":\"dev5e2\",\"@id\":\"https:\\\/\\\/www.wybierzmyrazem.pl\\\/#\\\/schema\\\/person\\\/63c38787c47f7fdd6991c64a3736de08\"},\"headline\":\"Czym si\u0119 r\u00f3\u017cni radca prawny od adwokata?\",\"datePublished\":\"2022-09-05T15:30:45+00:00\",\"dateModified\":\"2025-10-01T00:50:50+00:00\",\"mainEntityOfPage\":{\"@id\":\"https:\\\/\\\/www.wybierzmyrazem.pl\\\/index.php\\\/2022\\\/09\\\/05\\\/czym-sie-rozni-radca-prawny-od-adwokata\\\/\"},\"wordCount\":535,\"publisher\":{\"@id\":\"https:\\\/\\\/www.wybierzmyrazem.pl\\\/#organization\"},\"image\":{\"@id\":\"https:\\\/\\\/www.wybierzmyrazem.pl\\\/index.php\\\/2022\\\/09\\\/05\\\/czym-sie-rozni-radca-prawny-od-adwokata\\\/#primaryimage\"},\"thumbnailUrl\":\"https:\\\/\\\/www.wybierzmyrazem.pl\\\/wp-content\\\/uploads\\\/2022\\\/09\\\/gc8a18221ceac0979ae2eed4b5546ea8210680dc5ec0ae09bde1c0493e54f48385770b64bad78335fce7581cc95ca9482c337cc58ddf74f5b6c954dcf8d511624_1280.jpg\",\"inLanguage\":\"pl-PL\"},{\"@type\":\"WebPage\",\"@id\":\"https:\\\/\\\/www.wybierzmyrazem.pl\\\/index.php\\\/2022\\\/09\\\/05\\\/czym-sie-rozni-radca-prawny-od-adwokata\\\/\",\"url\":\"https:\\\/\\\/www.wybierzmyrazem.pl\\\/index.php\\\/2022\\\/09\\\/05\\\/czym-sie-rozni-radca-prawny-od-adwokata\\\/\",\"name\":\"Czym si\u0119 r\u00f3\u017cni radca prawny od adwokata? - wybierzmyrazem.pl\",\"isPartOf\":{\"@id\":\"https:\\\/\\\/www.wybierzmyrazem.pl\\\/#website\"},\"primaryImageOfPage\":{\"@id\":\"https:\\\/\\\/www.wybierzmyrazem.pl\\\/index.php\\\/2022\\\/09\\\/05\\\/czym-sie-rozni-radca-prawny-od-adwokata\\\/#primaryimage\"},\"image\":{\"@id\":\"https:\\\/\\\/www.wybierzmyrazem.pl\\\/index.php\\\/2022\\\/09\\\/05\\\/czym-sie-rozni-radca-prawny-od-adwokata\\\/#primaryimage\"},\"thumbnailUrl\":\"https:\\\/\\\/www.wybierzmyrazem.pl\\\/wp-content\\\/uploads\\\/2022\\\/09\\\/gc8a18221ceac0979ae2eed4b5546ea8210680dc5ec0ae09bde1c0493e54f48385770b64bad78335fce7581cc95ca9482c337cc58ddf74f5b6c954dcf8d511624_1280.jpg\",\"datePublished\":\"2022-09-05T15:30:45+00:00\",\"dateModified\":\"2025-10-01T00:50:50+00:00\",\"breadcrumb\":{\"@id\":\"https:\\\/\\\/www.wybierzmyrazem.pl\\\/index.php\\\/2022\\\/09\\\/05\\\/czym-sie-rozni-radca-prawny-od-adwokata\\\/#breadcrumb\"},\"inLanguage\":\"pl-PL\",\"potentialAction\":[{\"@type\":\"ReadAction\",\"target\":[\"https:\\\/\\\/www.wybierzmyrazem.pl\\\/index.php\\\/2022\\\/09\\\/05\\\/czym-sie-rozni-radca-prawny-od-adwokata\\\/\"]}]},{\"@type\":\"ImageObject\",\"inLanguage\":\"pl-PL\",\"@id\":\"https:\\\/\\\/www.wybierzmyrazem.pl\\\/index.php\\\/2022\\\/09\\\/05\\\/czym-sie-rozni-radca-prawny-od-adwokata\\\/#primaryimage\",\"url\":\"https:\\\/\\\/www.wybierzmyrazem.pl\\\/wp-content\\\/uploads\\\/2022\\\/09\\\/gc8a18221ceac0979ae2eed4b5546ea8210680dc5ec0ae09bde1c0493e54f48385770b64bad78335fce7581cc95ca9482c337cc58ddf74f5b6c954dcf8d511624_1280.jpg\",\"contentUrl\":\"https:\\\/\\\/www.wybierzmyrazem.pl\\\/wp-content\\\/uploads\\\/2022\\\/09\\\/gc8a18221ceac0979ae2eed4b5546ea8210680dc5ec0ae09bde1c0493e54f48385770b64bad78335fce7581cc95ca9482c337cc58ddf74f5b6c954dcf8d511624_1280.jpg\",\"width\":1280,\"height\":731,\"caption\":\"adwokat\"},{\"@type\":\"BreadcrumbList\",\"@id\":\"https:\\\/\\\/www.wybierzmyrazem.pl\\\/index.php\\\/2022\\\/09\\\/05\\\/czym-sie-rozni-radca-prawny-od-adwokata\\\/#breadcrumb\",\"itemListElement\":[{\"@type\":\"ListItem\",\"position\":1,\"name\":\"Strona g\u0142\u00f3wna\",\"item\":\"https:\\\/\\\/www.wybierzmyrazem.pl\\\/\"},{\"@type\":\"ListItem\",\"position\":2,\"name\":\"Czym si\u0119 r\u00f3\u017cni radca prawny od adwokata?\"}]},{\"@type\":\"WebSite\",\"@id\":\"https:\\\/\\\/www.wybierzmyrazem.pl\\\/#website\",\"url\":\"https:\\\/\\\/www.wybierzmyrazem.pl\\\/\",\"name\":\"wybierzmyrazem.pl\",\"description\":\"Tw\u00f3j ulubiony blog!\",\"publisher\":{\"@id\":\"https:\\\/\\\/www.wybierzmyrazem.pl\\\/#organization\"},\"potentialAction\":[{\"@type\":\"SearchAction\",\"target\":{\"@type\":\"EntryPoint\",\"urlTemplate\":\"https:\\\/\\\/www.wybierzmyrazem.pl\\\/?s={search_term_string}\"},\"query-input\":{\"@type\":\"PropertyValueSpecification\",\"valueRequired\":true,\"valueName\":\"search_term_string\"}}],\"inLanguage\":\"pl-PL\"},{\"@type\":\"Organization\",\"@id\":\"https:\\\/\\\/www.wybierzmyrazem.pl\\\/#organization\",\"name\":\"wybierzmyrazem.pl\",\"url\":\"https:\\\/\\\/www.wybierzmyrazem.pl\\\/\",\"logo\":{\"@type\":\"ImageObject\",\"inLanguage\":\"pl-PL\",\"@id\":\"https:\\\/\\\/www.wybierzmyrazem.pl\\\/#\\\/schema\\\/logo\\\/image\\\/\",\"url\":\"https:\\\/\\\/www.wybierzmyrazem.pl\\\/wp-content\\\/uploads\\\/2022\\\/05\\\/Screenshot.png\",\"contentUrl\":\"https:\\\/\\\/www.wybierzmyrazem.pl\\\/wp-content\\\/uploads\\\/2022\\\/05\\\/Screenshot.png\",\"width\":321,\"height\":243,\"caption\":\"wybierzmyrazem.pl\"},\"image\":{\"@id\":\"https:\\\/\\\/www.wybierzmyrazem.pl\\\/#\\\/schema\\\/logo\\\/image\\\/\"}},{\"@type\":\"Person\",\"@id\":\"https:\\\/\\\/www.wybierzmyrazem.pl\\\/#\\\/schema\\\/person\\\/63c38787c47f7fdd6991c64a3736de08\",\"name\":\"dev5e2\",\"image\":{\"@type\":\"ImageObject\",\"inLanguage\":\"pl-PL\",\"@id\":\"https:\\\/\\\/secure.gravatar.com\\\/avatar\\\/074e977b919a27539450977a304f65b9a1233c5635db562dd184870dbba1fbc0?s=96&d=mm&r=g\",\"url\":\"https:\\\/\\\/secure.gravatar.com\\\/avatar\\\/074e977b919a27539450977a304f65b9a1233c5635db562dd184870dbba1fbc0?s=96&d=mm&r=g\",\"contentUrl\":\"https:\\\/\\\/secure.gravatar.com\\\/avatar\\\/074e977b919a27539450977a304f65b9a1233c5635db562dd184870dbba1fbc0?s=96&d=mm&r=g\",\"caption\":\"dev5e2\"},\"sameAs\":[\"http:\\\/\\\/wybierzmyrazem.pl\"]}]}<\/script>\n<!-- \/ Yoast SEO plugin. -->","yoast_head_json":{"title":"Czym si\u0119 r\u00f3\u017cni radca prawny od adwokata? - wybierzmyrazem.pl","robots":{"index":"index","follow":"follow","max-snippet":"max-snippet:-1","max-image-preview":"max-image-preview:large","max-video-preview":"max-video-preview:-1"},"canonical":"https:\/\/www.wybierzmyrazem.pl\/index.php\/2022\/09\/05\/czym-sie-rozni-radca-prawny-od-adwokata\/","og_locale":"pl_PL","og_type":"article","og_title":"Czym si\u0119 r\u00f3\u017cni radca prawny od adwokata? - wybierzmyrazem.pl","og_description":"Prawo potrafi by\u0107 niezwykle zawi\u0142e &#8211; szczeg\u00f3lnie wtedy, kiedy nie masz z nim do czynienia na co dzie\u0144. \u017bycie potrafi jednak zaskakiwa\u0107 i niejednokrotnie mo\u017cesz mie\u0107 do czynienia z sytuacjami...","og_url":"https:\/\/www.wybierzmyrazem.pl\/index.php\/2022\/09\/05\/czym-sie-rozni-radca-prawny-od-adwokata\/","og_site_name":"wybierzmyrazem.pl","article_published_time":"2022-09-05T15:30:45+00:00","article_modified_time":"2025-10-01T00:50:50+00:00","og_image":[{"width":1280,"height":731,"url":"https:\/\/www.wybierzmyrazem.pl\/wp-content\/uploads\/2022\/09\/gc8a18221ceac0979ae2eed4b5546ea8210680dc5ec0ae09bde1c0493e54f48385770b64bad78335fce7581cc95ca9482c337cc58ddf74f5b6c954dcf8d511624_1280.jpg","type":"image\/jpeg"}],"author":"dev5e2","twitter_card":"summary_large_image","twitter_misc":{"Napisane przez":"dev5e2","Szacowany czas czytania":"3 minuty"},"schema":{"@context":"https:\/\/schema.org","@graph":[{"@type":"Article","@id":"https:\/\/www.wybierzmyrazem.pl\/index.php\/2022\/09\/05\/czym-sie-rozni-radca-prawny-od-adwokata\/#article","isPartOf":{"@id":"https:\/\/www.wybierzmyrazem.pl\/index.php\/2022\/09\/05\/czym-sie-rozni-radca-prawny-od-adwokata\/"},"author":{"name":"dev5e2","@id":"https:\/\/www.wybierzmyrazem.pl\/#\/schema\/person\/63c38787c47f7fdd6991c64a3736de08"},"headline":"Czym si\u0119 r\u00f3\u017cni radca prawny od adwokata?","datePublished":"2022-09-05T15:30:45+00:00","dateModified":"2025-10-01T00:50:50+00:00","mainEntityOfPage":{"@id":"https:\/\/www.wybierzmyrazem.pl\/index.php\/2022\/09\/05\/czym-sie-rozni-radca-prawny-od-adwokata\/"},"wordCount":535,"publisher":{"@id":"https:\/\/www.wybierzmyrazem.pl\/#organization"},"image":{"@id":"https:\/\/www.wybierzmyrazem.pl\/index.php\/2022\/09\/05\/czym-sie-rozni-radca-prawny-od-adwokata\/#primaryimage"},"thumbnailUrl":"https:\/\/www.wybierzmyrazem.pl\/wp-content\/uploads\/2022\/09\/gc8a18221ceac0979ae2eed4b5546ea8210680dc5ec0ae09bde1c0493e54f48385770b64bad78335fce7581cc95ca9482c337cc58ddf74f5b6c954dcf8d511624_1280.jpg","inLanguage":"pl-PL"},{"@type":"WebPage","@id":"https:\/\/www.wybierzmyrazem.pl\/index.php\/2022\/09\/05\/czym-sie-rozni-radca-prawny-od-adwokata\/","url":"https:\/\/www.wybierzmyrazem.pl\/index.php\/2022\/09\/05\/czym-sie-rozni-radca-prawny-od-adwokata\/","name":"Czym si\u0119 r\u00f3\u017cni radca prawny od adwokata? - wybierzmyrazem.pl","isPartOf":{"@id":"https:\/\/www.wybierzmyrazem.pl\/#website"},"primaryImageOfPage":{"@id":"https:\/\/www.wybierzmyrazem.pl\/index.php\/2022\/09\/05\/czym-sie-rozni-radca-prawny-od-adwokata\/#primaryimage"},"image":{"@id":"https:\/\/www.wybierzmyrazem.pl\/index.php\/2022\/09\/05\/czym-sie-rozni-radca-prawny-od-adwokata\/#primaryimage"},"thumbnailUrl":"https:\/\/www.wybierzmyrazem.pl\/wp-content\/uploads\/2022\/09\/gc8a18221ceac0979ae2eed4b5546ea8210680dc5ec0ae09bde1c0493e54f48385770b64bad78335fce7581cc95ca9482c337cc58ddf74f5b6c954dcf8d511624_1280.jpg","datePublished":"2022-09-05T15:30:45+00:00","dateModified":"2025-10-01T00:50:50+00:00","breadcrumb":{"@id":"https:\/\/www.wybierzmyrazem.pl\/index.php\/2022\/09\/05\/czym-sie-rozni-radca-prawny-od-adwokata\/#breadcrumb"},"inLanguage":"pl-PL","potentialAction":[{"@type":"ReadAction","target":["https:\/\/www.wybierzmyrazem.pl\/index.php\/2022\/09\/05\/czym-sie-rozni-radca-prawny-od-adwokata\/"]}]},{"@type":"ImageObject","inLanguage":"pl-PL","@id":"https:\/\/www.wybierzmyrazem.pl\/index.php\/2022\/09\/05\/czym-sie-rozni-radca-prawny-od-adwokata\/#primaryimage","url":"https:\/\/www.wybierzmyrazem.pl\/wp-content\/uploads\/2022\/09\/gc8a18221ceac0979ae2eed4b5546ea8210680dc5ec0ae09bde1c0493e54f48385770b64bad78335fce7581cc95ca9482c337cc58ddf74f5b6c954dcf8d511624_1280.jpg","contentUrl":"https:\/\/www.wybierzmyrazem.pl\/wp-content\/uploads\/2022\/09\/gc8a18221ceac0979ae2eed4b5546ea8210680dc5ec0ae09bde1c0493e54f48385770b64bad78335fce7581cc95ca9482c337cc58ddf74f5b6c954dcf8d511624_1280.jpg","width":1280,"height":731,"caption":"adwokat"},{"@type":"BreadcrumbList","@id":"https:\/\/www.wybierzmyrazem.pl\/index.php\/2022\/09\/05\/czym-sie-rozni-radca-prawny-od-adwokata\/#breadcrumb","itemListElement":[{"@type":"ListItem","position":1,"name":"Strona g\u0142\u00f3wna","item":"https:\/\/www.wybierzmyrazem.pl\/"},{"@type":"ListItem","position":2,"name":"Czym si\u0119 r\u00f3\u017cni radca prawny od adwokata?"}]},{"@type":"WebSite","@id":"https:\/\/www.wybierzmyrazem.pl\/#website","url":"https:\/\/www.wybierzmyrazem.pl\/","name":"wybierzmyrazem.pl","description":"Tw\u00f3j ulubiony blog!","publisher":{"@id":"https:\/\/www.wybierzmyrazem.pl\/#organization"},"potentialAction":[{"@type":"SearchAction","target":{"@type":"EntryPoint","urlTemplate":"https:\/\/www.wybierzmyrazem.pl\/?s={search_term_string}"},"query-input":{"@type":"PropertyValueSpecification","valueRequired":true,"valueName":"search_term_string"}}],"inLanguage":"pl-PL"},{"@type":"Organization","@id":"https:\/\/www.wybierzmyrazem.pl\/#organization","name":"wybierzmyrazem.pl","url":"https:\/\/www.wybierzmyrazem.pl\/","logo":{"@type":"ImageObject","inLanguage":"pl-PL","@id":"https:\/\/www.wybierzmyrazem.pl\/#\/schema\/logo\/image\/","url":"https:\/\/www.wybierzmyrazem.pl\/wp-content\/uploads\/2022\/05\/Screenshot.png","contentUrl":"https:\/\/www.wybierzmyrazem.pl\/wp-content\/uploads\/2022\/05\/Screenshot.png","width":321,"height":243,"caption":"wybierzmyrazem.pl"},"image":{"@id":"https:\/\/www.wybierzmyrazem.pl\/#\/schema\/logo\/image\/"}},{"@type":"Person","@id":"https:\/\/www.wybierzmyrazem.pl\/#\/schema\/person\/63c38787c47f7fdd6991c64a3736de08","name":"dev5e2","image":{"@type":"ImageObject","inLanguage":"pl-PL","@id":"https:\/\/secure.gravatar.com\/avatar\/074e977b919a27539450977a304f65b9a1233c5635db562dd184870dbba1fbc0?s=96&d=mm&r=g","url":"https:\/\/secure.gravatar.com\/avatar\/074e977b919a27539450977a304f65b9a1233c5635db562dd184870dbba1fbc0?s=96&d=mm&r=g","contentUrl":"https:\/\/secure.gravatar.com\/avatar\/074e977b919a27539450977a304f65b9a1233c5635db562dd184870dbba1fbc0?s=96&d=mm&r=g","caption":"dev5e2"},"sameAs":["http:\/\/wybierzmyrazem.pl"]}]}},"_links":{"self":[{"href":"https:\/\/www.wybierzmyrazem.pl\/index.php\/wp-json\/wp\/v2\/posts\/94","targetHints":{"allow":["GET"]}}],"collection":[{"href":"https:\/\/www.wybierzmyrazem.pl\/index.php\/wp-json\/wp\/v2\/posts"}],"about":[{"href":"https:\/\/www.wybierzmyrazem.pl\/index.php\/wp-json\/wp\/v2\/types\/post"}],"author":[{"embeddable":true,"href":"https:\/\/www.wybierzmyrazem.pl\/index.php\/wp-json\/wp\/v2\/users\/1"}],"replies":[{"embeddable":true,"href":"https:\/\/www.wybierzmyrazem.pl\/index.php\/wp-json\/wp\/v2\/comments?post=94"}],"version-history":[{"count":1,"href":"https:\/\/www.wybierzmyrazem.pl\/index.php\/wp-json\/wp\/v2\/posts\/94\/revisions"}],"predecessor-version":[{"id":1318,"href":"https:\/\/www.wybierzmyrazem.pl\/index.php\/wp-json\/wp\/v2\/posts\/94\/revisions\/1318"}],"wp:featuredmedia":[{"embeddable":true,"href":"https:\/\/www.wybierzmyrazem.pl\/index.php\/wp-json\/wp\/v2\/media\/93"}],"wp:attachment":[{"href":"https:\/\/www.wybierzmyrazem.pl\/index.php\/wp-json\/wp\/v2\/media?parent=94"}],"wp:term":[{"taxonomy":"category","embeddable":true,"href":"https:\/\/www.wybierzmyrazem.pl\/index.php\/wp-json\/wp\/v2\/categories?post=94"},{"taxonomy":"post_tag","embeddable":true,"href":"https:\/\/www.wybierzmyrazem.pl\/index.php\/wp-json\/wp\/v2\/tags?post=94"}],"curies":[{"name":"wp","href":"https:\/\/api.w.org\/{rel}","templated":true}]}}